{"id":7005,"date":"2025-05-11T08:40:16","date_gmt":"2025-05-11T11:40:16","guid":{"rendered":"https:\/\/espacolivresergipe.com.br\/?p=7005"},"modified":"2025-05-11T08:40:18","modified_gmt":"2025-05-11T11:40:18","slug":"primeira-edicao-da-feirinha-ctc-movimenta-o-bairro-jardins-e-celebra-a-cultura","status":"publish","type":"post","link":"https:\/\/espacolivresergipe.com.br\/index.php\/2025\/05\/11\/primeira-edicao-da-feirinha-ctc-movimenta-o-bairro-jardins-e-celebra-a-cultura\/","title":{"rendered":"Primeira edi\u00e7\u00e3o da Feirinha CTC movimenta o bairro Jardins e celebra a cultura"},"content":{"rendered":"\n<p>A primeira edi\u00e7\u00e3o da Feirinha CTC \u2013 Coletivo Territorial Cultural, realizada neste s\u00e1bado, 10, na Pra\u00e7a Zilda Arns, no bairro Jardins, foi um verdadeiro sucesso de criatividade, conviv\u00eancia e valoriza\u00e7\u00e3o da produ\u00e7\u00e3o local. Com apoio da Prefeitura de Aracaju, o evento encantou o p\u00fablico ao reunir expositores com produtos autorais, atra\u00e7\u00f5es culturais e um ambiente acolhedor que fortalece a economia criativa e a identidade sergipana.<\/p>\n\n\n\n<p>Das 16h \u00e0s 22h, moradores e visitantes prestigiaram os estandes e aproveitaram a variedade de produtos, da gastronomia artesanal \u00e0 moda, decora\u00e7\u00e3o, arte e bem-estar. A atmosfera foi marcada pela leveza, diversidade e acolhimento, numa tarde que celebrou os talentos locais.<\/p>\n\n\n\n<p>Entre os visitantes, a servidora p\u00fablica Auxiliadora Santos destacou a import\u00e2ncia da feira para o bairro e a economia local. \u201cEstou achando maravilhosa essa ferinha, porque movimenta o bairro. Se cada bairro tivesse uma feirinha dessa, seria muito bom, tanto para a popula\u00e7\u00e3o quanto para os comerciantes. Ajuda nas vendas, gera um dinheiro extra. Eu parabenizo a iniciativa e espero que continue\u201d, comentou.<\/p>\n\n\n\n<p>A aposentada Josefa Cruz tamb\u00e9m fez quest\u00e3o de elogiar a proposta do evento. \u201cEu acho essa iniciativa muito interessante, tanto para a valoriza\u00e7\u00e3o do com\u00e9rcio local quanto da nossa cultura. Espero que isso v\u00e1 mais para frente, que a gente consiga valorizar mais nossos comerciantes e, automaticamente, usufruir da nossa cultura\u201d, ressaltou.<\/p>\n\n\n\n<p>A feirinha tamb\u00e9m contou com a participa\u00e7\u00e3o de Stella Ferreira, uma jovem empreendedora de apenas 12 anos, que come\u00e7ou a confeccionar pulseirinhas artesanais aos 8 anos. Tudo come\u00e7ou ap\u00f3s participar de uma oficina na escola, e desde ent\u00e3o ela n\u00e3o parou mais. Com o apoio dos pais, que sempre incentivaram sua criatividade, Stella vem se dedicando cada vez mais \u00e0s cria\u00e7\u00f5es. Com um sorriso, ela disse: \u201cEu amo criar e espero ser uma grande empreendedora\u201d.<\/p>\n\n\n\n<p>Idealizada pelo Coletivo Territorial Cultural (CTC), a feira ter\u00e1 edi\u00e7\u00f5es mensais. A proposta \u00e9 seguir promovendo encontros entre arte, cultura, empreendedorismo e comunidade.<\/p>\n\n\n\n<p>O representante do coletivo, Tiago Junot, destacou o esp\u00edrito colaborativo da iniciativa. \u201cEsse projeto nasceu das comunidades de artes\u00e3os e da agricultura familiar, com o desejo de oferecer alimentos saud\u00e1veis, cultura e diversidade para as pessoas. A ideia \u00e9 ocupar as pra\u00e7as com alegria, trazer a fam\u00edlia de volta aos espa\u00e7os p\u00fablicos e seguir levando o coletivo a outros bairros de Aracaju e quem sabe at\u00e9 ao interior\u201d, afirmou.<\/p>\n\n\n\n<p>A Feirinha CTC chega para ficar e se tornar parte do calend\u00e1rio cultural da cidade. Para o diretor de Espa\u00e7os P\u00fablicos da Emsurb, Bertulino Menezes, a\u00e7\u00f5es como essa ajudam a transformar o espa\u00e7o urbano em lugar de encontros e boas experi\u00eancias. \u201cTrazer alegria para as pra\u00e7as \u00e9 dar vida \u00e0 cidade. E isso s\u00f3 \u00e9 poss\u00edvel quando cultura, povo e gest\u00e3o caminham juntos\u201d, resumiu.<\/p>\n\n\n\n<p>O presidente da Emsurb, Hugo Esoj, tamb\u00e9m destacou o papel da gest\u00e3o no apoio \u00e0 iniciativa: \u201cA Prefeitura n\u00e3o \u00e9 a realizadora, mas a apoiadora de sonhadores. Estamos aqui para dar suporte, devolver as pra\u00e7as \u00e0s fam\u00edlias e mostrar que a sociedade pode esperar o melhor da gente\u201d, afirmou.<\/p>\n\n\n\n<p>A pr\u00f3xima edi\u00e7\u00e3o da feira j\u00e1 tem data marcada: ser\u00e1 no dia 7 de junho, novamente na Pra\u00e7a Zilda Arns, prometendo ainda mais atra\u00e7\u00f5es e oportunidades para a comunidade.<\/p>\n\n\n\n<p>Ascom\/Emsurb<\/p>\n","protected":false},"excerpt":{"rendered":"<p>A primeira edi\u00e7\u00e3o da Feirinha CTC \u2013 Coletivo Territorial Cultural, realizada neste s\u00e1bado, 10, na Pra\u00e7a Zilda Arns, no bairro Jardins, foi um verdadeiro sucesso de criatividade, conviv\u00eancia e valoriza\u00e7\u00e3o da produ\u00e7\u00e3o local. Com apoio da Prefeitura de Aracaju, o evento encantou o p\u00fablico ao reunir expositores com produtos autorais, atra\u00e7\u00f5es culturais e um ambiente [&hellip;]<\/p>\n","protected":false},"author":2,"featured_media":7006,"comment_status":"open","ping_status":"open","sticky":false,"template":"","format":"standard","meta":{"footnotes":""},"categories":[12,6,10],"tags":[],"class_list":["post-7005","post","type-post","status-publish","format-standard","has-post-thumbnail","hentry","category-agora","category-letreiro","category-noticias"],"_links":{"self":[{"href":"https:\/\/espacolivresergipe.com.br\/index.php\/wp-json\/wp\/v2\/posts\/7005","targetHints":{"allow":["GET"]}}],"collection":[{"href":"https:\/\/espacolivresergipe.com.br\/index.php\/wp-json\/wp\/v2\/posts"}],"about":[{"href":"https:\/\/espacolivresergipe.com.br\/index.php\/wp-json\/wp\/v2\/types\/post"}],"author":[{"embeddable":true,"href":"https:\/\/espacolivresergipe.com.br\/index.php\/wp-json\/wp\/v2\/users\/2"}],"replies":[{"embeddable":true,"href":"https:\/\/espacolivresergipe.com.br\/index.php\/wp-json\/wp\/v2\/comments?post=7005"}],"version-history":[{"count":1,"href":"https:\/\/espacolivresergipe.com.br\/index.php\/wp-json\/wp\/v2\/posts\/7005\/revisions"}],"predecessor-version":[{"id":7007,"href":"https:\/\/espacolivresergipe.com.br\/index.php\/wp-json\/wp\/v2\/posts\/7005\/revisions\/7007"}],"wp:featuredmedia":[{"embeddable":true,"href":"https:\/\/espacolivresergipe.com.br\/index.php\/wp-json\/wp\/v2\/media\/7006"}],"wp:attachment":[{"href":"https:\/\/espacolivresergipe.com.br\/index.php\/wp-json\/wp\/v2\/media?parent=7005"}],"wp:term":[{"taxonomy":"category","embeddable":true,"href":"https:\/\/espacolivresergipe.com.br\/index.php\/wp-json\/wp\/v2\/categories?post=7005"},{"taxonomy":"post_tag","embeddable":true,"href":"https:\/\/espacolivresergipe.com.br\/index.php\/wp-json\/wp\/v2\/tags?post=7005"}],"curies":[{"name":"wp","href":"https:\/\/api.w.org\/{rel}","templated":true}]}}