{"id":7042,"date":"2025-05-12T06:30:14","date_gmt":"2025-05-12T09:30:14","guid":{"rendered":"https:\/\/espacolivresergipe.com.br\/?p=7042"},"modified":"2025-05-12T06:30:15","modified_gmt":"2025-05-12T09:30:15","slug":"conferencias-da-igualdade-racial-e-de-politicas-para-mulheres-acontecem-esta-semana","status":"publish","type":"post","link":"https:\/\/espacolivresergipe.com.br\/index.php\/2025\/05\/12\/conferencias-da-igualdade-racial-e-de-politicas-para-mulheres-acontecem-esta-semana\/","title":{"rendered":"Confer\u00eancias \u00a0da Igualdade Racial e de Pol\u00edticas para Mulheres acontecem esta semana"},"content":{"rendered":"\n<p>A Prefeitura de Aracaju, por meio dos Conselhos Municipais vinculados \u00e0 Secretaria da Fam\u00edlia e da Assist\u00eancia Social, realiza nesta semana duas importantes confer\u00eancias voltadas \u00e0 promo\u00e7\u00e3o da equidade e dos direitos sociais.<\/p>\n\n\n\n<p>Na ter\u00e7a-feira, 13 de maio, \u00e0s 9h ser\u00e1 realizada a 4\u00aa Confer\u00eancia Municipal da Igualdade Racial, com o tema \u201cIgualdade e Democracia: Repara\u00e7\u00e3o e Justi\u00e7a\u201d. O encontro acontece no Hotel Aquarius, na Av. Santos Dumont, 1378 (avenida da Orla de Atalaia) e reunir\u00e1 representantes da sociedade civil, gestores p\u00fablicos e especialistas para debater pol\u00edticas de promo\u00e7\u00e3o da igualdade racial.<\/p>\n\n\n\n<p>J\u00e1 na quarta-feira, 14 de maio, \u00e0s 9h, no audit\u00f3rio da Uninassau (avenida Augusto Franco, 2340 &#8211; Siqueira Campos) ser\u00e1 a vez da 5\u00aa Confer\u00eancia Municipal de Pol\u00edticas para Mulheres, com o tema \u201cMais democracia, mais igualdade e mais conquistas para todas\u201d. O evento prop\u00f5e a constru\u00e7\u00e3o coletiva de propostas que fortale\u00e7am os direitos das mulheres e ampliem a participa\u00e7\u00e3o feminina nas decis\u00f5es p\u00fablicas.<\/p>\n\n\n\n<p>Fonte AAN<\/p>\n","protected":false},"excerpt":{"rendered":"<p>A Prefeitura de Aracaju, por meio dos Conselhos Municipais vinculados \u00e0 Secretaria da Fam\u00edlia e da Assist\u00eancia Social, realiza nesta semana duas importantes confer\u00eancias voltadas \u00e0 promo\u00e7\u00e3o da equidade e dos direitos sociais. Na ter\u00e7a-feira, 13 de maio, \u00e0s 9h ser\u00e1 realizada a 4\u00aa Confer\u00eancia Municipal da Igualdade Racial, com o tema \u201cIgualdade e Democracia: [&hellip;]<\/p>\n","protected":false},"author":2,"featured_media":7043,"comment_status":"open","ping_status":"open","sticky":false,"template":"","format":"standard","meta":{"footnotes":""},"categories":[6,10],"tags":[],"class_list":["post-7042","post","type-post","status-publish","format-standard","has-post-thumbnail","hentry","category-letreiro","category-noticias"],"_links":{"self":[{"href":"https:\/\/espacolivresergipe.com.br\/index.php\/wp-json\/wp\/v2\/posts\/7042","targetHints":{"allow":["GET"]}}],"collection":[{"href":"https:\/\/espacolivresergipe.com.br\/index.php\/wp-json\/wp\/v2\/posts"}],"about":[{"href":"https:\/\/espacolivresergipe.com.br\/index.php\/wp-json\/wp\/v2\/types\/post"}],"author":[{"embeddable":true,"href":"https:\/\/espacolivresergipe.com.br\/index.php\/wp-json\/wp\/v2\/users\/2"}],"replies":[{"embeddable":true,"href":"https:\/\/espacolivresergipe.com.br\/index.php\/wp-json\/wp\/v2\/comments?post=7042"}],"version-history":[{"count":1,"href":"https:\/\/espacolivresergipe.com.br\/index.php\/wp-json\/wp\/v2\/posts\/7042\/revisions"}],"predecessor-version":[{"id":7044,"href":"https:\/\/espacolivresergipe.com.br\/index.php\/wp-json\/wp\/v2\/posts\/7042\/revisions\/7044"}],"wp:featuredmedia":[{"embeddable":true,"href":"https:\/\/espacolivresergipe.com.br\/index.php\/wp-json\/wp\/v2\/media\/7043"}],"wp:attachment":[{"href":"https:\/\/espacolivresergipe.com.br\/index.php\/wp-json\/wp\/v2\/media?parent=7042"}],"wp:term":[{"taxonomy":"category","embeddable":true,"href":"https:\/\/espacolivresergipe.com.br\/index.php\/wp-json\/wp\/v2\/categories?post=7042"},{"taxonomy":"post_tag","embeddable":true,"href":"https:\/\/espacolivresergipe.com.br\/index.php\/wp-json\/wp\/v2\/tags?post=7042"}],"curies":[{"name":"wp","href":"https:\/\/api.w.org\/{rel}","templated":true}]}}