{"id":7045,"date":"2025-05-12T06:53:02","date_gmt":"2025-05-12T09:53:02","guid":{"rendered":"https:\/\/espacolivresergipe.com.br\/?p=7045"},"modified":"2025-05-12T06:53:03","modified_gmt":"2025-05-12T09:53:03","slug":"aviso-aos-navegantes-em-politica-trair-e-cocar-e-so-comecar","status":"publish","type":"post","link":"https:\/\/espacolivresergipe.com.br\/index.php\/2025\/05\/12\/aviso-aos-navegantes-em-politica-trair-e-cocar-e-so-comecar\/","title":{"rendered":"Aviso aos navegantes: em pol\u00edtica, trair e co\u00e7ar e s\u00f3 come\u00e7ar"},"content":{"rendered":"\n<p><em>Por Adiberto de Souza *<\/em><\/p>\n\n\n\n<p>Os pr\u00e9-candidatos \u00e0s elei\u00e7\u00f5es de 2026 devem saber que todo e qualquer entendimento pol\u00edtico feito agora pode sofrer mudan\u00e7as. As conversas de momento visam estreitar as rela\u00e7\u00f5es e apalavrar a compra dos currais eleitorais. Como sabem que est\u00e3o sujeitos \u00e0 trai\u00e7\u00e3o, os pol\u00edticos evitam fechar acordos faltando quase dois anos para o pleito. Quem fez isso no passado foi tra\u00eddo. O caso mais emblem\u00e1tico ocorrido em Sergipe foi do advogado Daniel Tourinho. Em 1989, ele desembarcou em Sergipe disposto a se eleger deputado federal. Tinha o apoio do ent\u00e3o presidenci\u00e1vel Fernando Collor de Mello, al\u00e9m de muito dinheiro na bagagem para comprar votos. Logo recebeu a ades\u00e3o de dezenas de lideran\u00e7as pol\u00edticas e vivia cantando vit\u00f3ria. Por\u00e9m, quando as urnas foram abertas o fidalgo teve menos de 15 mil votos, n\u00e3o ficando nem na supl\u00eancia. Encabulado, Tourinho botou a viola no saco e voltou para o Rio de Janeiro. Em 2018, o ent\u00e3o candidato a senador Andr\u00e9 Moura (Uni\u00e3o) reuniu em Aracaju cerca de 60 prefeitos e dezenas de lideran\u00e7as que lhe juraram apoio. Tal qual Tourinho, o distinto tamb\u00e9m foi tra\u00eddo e perdeu uma elei\u00e7\u00e3o tida como certa. Portanto, quem acreditar em promessas de cabos eleitorais corre o risco de morrer na praia, pois trair e co\u00e7ar e s\u00f3 come\u00e7ar, principalmente na pol\u00edtica.&nbsp;<em>Miseric\u00f3rdia!<\/em><\/p>\n\n\n\n<p><strong>Pais da crian\u00e7a<\/strong><\/p>\n\n\n\n<p>O acordo firmado entre a Petrobras e a Unigel para a reabertura da Fafen de Laranjeiras ser\u00e1 muito usado pelos pol\u00edticos sergipanos. Os distintos v\u00e3o querer ser os pais da crian\u00e7a, garantindo que a petrol\u00edfera ouviu os seus apelos para a retomada da produ\u00e7\u00e3o na F\u00e1brica de Fertilizantes Nitrogenados. N\u00e3o acreditem neles. A unidade dever\u00e1 voltar a produzir em outubro porque interessa comercialmente \u00e0 Petrobras e n\u00e3o porque a dire\u00e7\u00e3o da estatal atendeu aos apelos dos pol\u00edticos. Ali\u00e1s, estes cidad\u00e3os adoram aparecer como engenheiros de obras prontas.&nbsp;<em>Creindeuspai!<\/em><\/p>\n\n\n\n<p><strong>Curso pra petistas<\/strong><\/p>\n\n\n\n<p>Veja essa: o PT lan\u00e7a nesta semana o curso \u201cF\u00e9 e Democracia para Evang\u00e9licos e Evang\u00e9licas\u201d visando melhorar a interlocu\u00e7\u00e3o dos petistas com o eleitorado evang\u00e9lico. A iniciativa gratuita e online ter\u00e1 dura\u00e7\u00e3o de um m\u00eas, com encontros semanais. A esperan\u00e7a dos idealizadores \u00e9 que o curso melhore a rela\u00e7\u00e3o com um p\u00fablico que representa uma parcela crescente e importante da sociedade, mas que historicamente tem mostrado resist\u00eancia ao PT. \u201cA religi\u00e3o faz parte da realidade cultural do povo brasileiro e, por isso, \u00e9 fundamental dialogar com este p\u00fablico\u201d, destacou a Funda\u00e7\u00e3o Perseu Abramo, promotora do treinamento.&nbsp;<em>Ah, bom!<\/em><\/p>\n\n\n\n<p><strong>OAB noventona<\/strong><\/p>\n\n\n\n<p>A OAB sergipana festeja, hoje, seus 90 anos de funda\u00e7\u00e3o. Segundo a diretoria da Ordem, ser\u00e1 uma noite de celebra\u00e7\u00e3o, reflex\u00e3o e homenagem \u00e0queles que constru\u00edram a trajet\u00f3ria da institui\u00e7\u00e3o. Agendada para o Teatro Tobias Barreto, em Aracaju, a festa de anivers\u00e1rio vai permitir revisitar os momentos marcantes da hist\u00f3ria da OAB, render homenagens aos que contribu\u00edram para seu fortalecimento e reafirmar o compromisso cont\u00ednuo de atuar em defesa da sociedade sergipana.&nbsp;<em>Supimpa!<\/em><\/p>\n\n\n\n<p><strong>Briga de foice<\/strong><\/p>\n\n\n\n<p>As l\u00ednguas ferinas andam alardeando pelas esquinas de Sergipe que o governador F\u00e1bio Mitidieri (PSD) vai precisar de muito jogo de cintura para manter a unidade da ampla coliga\u00e7\u00e3o partid\u00e1ria que lhe apoia. O empurra-empurra deve ficar intenso quando as elei\u00e7\u00f5es de 2026 estiverem mais pr\u00f3ximas. Interessados nas melhores posi\u00e7\u00f5es da chapa majorit\u00e1ria, os aliados do fidalgo devem travar nos bastidores uma verdadeira briga de foice. O governador n\u00e3o tem como agradar a todos, pois h\u00e1 mais desejos em jogo do que cargos a serem disputados. Calejado, Mitidieri vai cozinhar o galo at\u00e9 a hora ag\u00e1, quando tentar\u00e1 montar uma chapa forte para o enfrentamento eleitoral de 2026.&nbsp;<em>Aff Maria!<\/em><\/p>\n\n\n<div class=\"wp-block-image\">\n<figure class=\"alignright\"><a href=\"https:\/\/www.destaquenoticias.com.br\/wp-content\/uploads\/2025\/05\/iolanda-e-mitidieri-1.jpg\"><img decoding=\"async\" src=\"https:\/\/www.destaquenoticias.com.br\/wp-content\/uploads\/2025\/05\/iolanda-e-mitidieri-1-300x186.jpg\" alt=\"\" class=\"wp-image-105302\"\/><\/a><\/figure><\/div>\n\n\n<p><strong>De volta a terrinha<\/strong><\/p>\n\n\n\n<p>E quem j\u00e1 est\u00e1 entre n\u00f3s \u00e9 o governador F\u00e1bio Mitidieri (PSD). O ilustre retornou de mais uma viagem aos Estados Unidos, onde passou nove dias participando de uma feira de \u00f3leo e g\u00e1s. Al\u00e9m da esposa \u00c9rica, o pessedista levou aos States uma enorme comitiva de auxiliares. Ao desembarcar no Aeroporto de Aracaju, s\u00e1bado passado, Mitidieri foi recebido pela desembargadora Iolanda Guimar\u00e3es, que durante a aus\u00eancia dele administrou o estado interinamente. O governador disse que reassumiu o cargo \u201ccom ainda mais energia e certo de que seguimos no caminho certo\u201d.&nbsp;<em>Ent\u00e3o, t\u00e1!<\/em><\/p>\n\n\n\n<p><strong>Elefante branco<\/strong><\/p>\n\n\n\n<p>O deputado estadual Marcos Oliveira (PL) voltou a cobrar do governo de Sergipe e abertura da Ceasa de Itabaiana. Inaugurado em 2021, o pr\u00e9dio custou cerca de R$ 38 milh\u00f5es aos cofres p\u00fablicos, mas permanece fechadinho da Silva Xavier. O parlamentar aproveitou para condenar aqueles que tentam culpar a Prefeitura de Itabaiana pelo n\u00e3o funcionamento da Central de Abastecimentos: \u201cEssa obra \u00e9 do governo estadual, foi gerida pelo governo e continua fechada por falta de gest\u00e3o estadual\u201d, discursou Marcos. A Ceasa foi constru\u00edda para oferecer aos feirantes e clientes um espa\u00e7o amplo e moderno, s\u00f3 que at\u00e9 agora neca de pitibiriba.&nbsp;<em>Arre \u00e9gua!<\/em><\/p>\n\n\n\n<p><strong>Olhos fixos em 2026<\/strong><\/p>\n\n\n\n<p>Este \u00e9 um ano sem elei\u00e7\u00f5es, por\u00e9m os pol\u00edticos s\u00f3 pensam nelas. Bastam ver um microfone ou um gravador na frente para eles citarem as disputas marcadas para 2026. Para n\u00e3o antecipar o fim de sua administra\u00e7\u00e3o, o governador F\u00e1bio Mitidieri (PSD) at\u00e9 tenta mudar o rumo da prosa, por\u00e9m como n\u00e3o encontra interlocutores interessados e outros assuntos, tamb\u00e9m termina falando no pleito do pr\u00f3ximo ano. Para tristeza dos mais apressados, este ser\u00e1 um ano inteiro somente de especula\u00e7\u00f5es, pois muitas \u00e1guas passar\u00e3o por debaixo da ponte at\u00e9 a virada do calend\u00e1rio. Portanto, n\u00e3o aposte em progn\u00f3sticos apressados porque nada que se diga agora valer\u00e1 em 2026.&nbsp;&nbsp;<em>Marminino!<\/em><\/p>\n\n\n\n<p><strong>Fome de cidadania<\/strong><\/p>\n\n\n\n<p>Muita gente por esse Brasilz\u00e3o de meu Deus acredita que basta dar um prato de comida para restaurar a cidadania daqueles que s\u00e3o vistos por muitos pol\u00edticos como um zero \u00e0 esquerda. O governo de Sergipe, por exemplo, n\u00e3o se cansa de elogiar o programa batizando de \u201cPrato do Povo\u201d implantado pela Secretaria de A\u00e7\u00e3o Social e que distribui para os miser\u00e1veis um almo\u00e7o, de segunda a sexta-feira. O professor e escritor Frei Beto pensa diferente dos entusiastas deste programa do governo Mitidieri: \u201cA fome n\u00e3o se combate apenas com prato de comida, pois abre-se o oco na barriga, o buraco negro da cidadania\u201d. Plagiando a banda Tit\u00e3s: \u201cA gente n\u00e3o quer s\u00f3 comida\u201d.&nbsp;<em>S\u00f3 Jesus na causa!<\/em><\/p>\n\n\n\n<p><strong>Obra avan\u00e7a<\/strong><\/p>\n\n\n\n<p>As obras de constru\u00e7\u00e3o da ponte que vai ligar os munic\u00edpios de Penedo (AL) e Ne\u00f3polis (SE) seguem avan\u00e7ando. Nesta segunda-feira, ser\u00e1 iniciado o trabalho de crava\u00e7\u00e3o das estacas que sustentar\u00e3o os pilares da estrutura. Ao anunciar a chegada do equipamento pesado no canteiro de obras, o ministro dos Transportes, Renan Filho, disse que a ponte sobre o Velho Chico ser\u00e1 a obra mais transformadora da hist\u00f3ria dos dois munic\u00edpios, pois alavancar\u00e1 o desenvolvimento da regi\u00e3o ribeirinha, fortalecer\u00e1 o turismo regional e facilitar\u00e1 o escoamento da produ\u00e7\u00e3o local.&nbsp;<em>Oremos!<\/em><\/p>\n\n\n\n<p><strong>Senador esculachado<\/strong><\/p>\n\n\n\n<p>O senador Alessandro Vieira (MDB) arranjou um advers\u00e1rio que promete infernizar sua campanha de reelei\u00e7\u00e3o. Tamb\u00e9m sonhando com uma cadeira no Senado, o deputado federal Rodrigo Valadares (Uni\u00e3o) decidiu partir pra cima do emedebista, tudo de olho nos votos dos bolsonaristas que elegeram Vieira em 2028. Segundo Rodrigo, o mandato de Alessandro \u00e9 uma verdadeira piada, uma palha\u00e7ada. O deputado tamb\u00e9m lembra aos bolsonaristas que o senador votou no presidente Lula da Silva (PT) em 2022. Pelo visto, se depender de Valadares, Vieira n\u00e3o se elege nem s\u00edndico de condom\u00ednio.&nbsp;<em>Home v\u00f4te!<\/em><\/p>\n\n\n\n<p><em><strong>Recorte de jornal<\/strong><\/em><\/p>\n\n\n<div class=\"wp-block-image\">\n<figure class=\"alignleft\"><a href=\"https:\/\/www.destaquenoticias.com.br\/wp-content\/uploads\/2025\/05\/venda-de-carne-proibida-correio-de-aracaju-01-de-abril-de-1874.jpg\"><img decoding=\"async\" src=\"https:\/\/www.destaquenoticias.com.br\/wp-content\/uploads\/2025\/05\/venda-de-carne-proibida-correio-de-aracaju-01-de-abril-de-1874-300x247.jpg\" alt=\"\" class=\"wp-image-105321\"\/><\/a><\/figure><\/div>\n\n\n<p><\/p>\n\n\n\n<p><\/p>\n\n\n\n<p><\/p>\n\n\n\n<p><\/p>\n\n\n\n<p><\/p>\n\n\n\n<p>Publicado no jornal Correio de Aracaju, em 1\u00ba de abril de 1874.<\/p>\n\n\n\n<p>Esta coluna \u00e9 publicada pelos seguintes sites:&nbsp;<a href=\"https:\/\/www.destaquenoticias.com.br\/\">&nbsp;Destaquenot\u00edcias<\/a>,&nbsp;<a href=\"https:\/\/infonet.com.br\/\">Infonet<\/a>,&nbsp;<a href=\"https:\/\/www.faxaju.com.br\/\">Faxaju<\/a>,&nbsp;<a href=\"https:\/\/www.luxoaju.com\/\">Luxoaju<\/a>,&nbsp;<a href=\"https:\/\/leiamaisba.com.br\/\">Leiamaisba<\/a>,<a href=\"http:\/\/espacolivrenoticias.com.br\/\">&nbsp;Espa\u00e7o Livre<\/a>,&nbsp;<a href=\"https:\/\/aracajumagazine.com.br\/\">Aracaju Magazine<\/a>&nbsp; e no jornal online Gazeta Livre.<\/p>\n\n\n\n<p>*&nbsp;<em>\u00c9 editor do Portal Destaquenot\u00edcias<\/em><\/p>\n","protected":false},"excerpt":{"rendered":"<p>Por Adiberto de Souza * Os pr\u00e9-candidatos \u00e0s elei\u00e7\u00f5es de 2026 devem saber que todo e qualquer entendimento pol\u00edtico feito agora pode sofrer mudan\u00e7as. As conversas de momento visam estreitar as rela\u00e7\u00f5es e apalavrar a compra dos currais eleitorais. Como sabem que est\u00e3o sujeitos \u00e0 trai\u00e7\u00e3o, os pol\u00edticos evitam fechar acordos faltando quase dois anos [&hellip;]<\/p>\n","protected":false},"author":2,"featured_media":7046,"comment_status":"open","ping_status":"open","sticky":false,"template":"","format":"standard","meta":{"footnotes":""},"categories":[14],"tags":[],"class_list":["post-7045","post","type-post","status-publish","format-standard","has-post-thumbnail","hentry","category-politica-e-cotidiano"],"_links":{"self":[{"href":"https:\/\/espacolivresergipe.com.br\/index.php\/wp-json\/wp\/v2\/posts\/7045","targetHints":{"allow":["GET"]}}],"collection":[{"href":"https:\/\/espacolivresergipe.com.br\/index.php\/wp-json\/wp\/v2\/posts"}],"about":[{"href":"https:\/\/espacolivresergipe.com.br\/index.php\/wp-json\/wp\/v2\/types\/post"}],"author":[{"embeddable":true,"href":"https:\/\/espacolivresergipe.com.br\/index.php\/wp-json\/wp\/v2\/users\/2"}],"replies":[{"embeddable":true,"href":"https:\/\/espacolivresergipe.com.br\/index.php\/wp-json\/wp\/v2\/comments?post=7045"}],"version-history":[{"count":1,"href":"https:\/\/espacolivresergipe.com.br\/index.php\/wp-json\/wp\/v2\/posts\/7045\/revisions"}],"predecessor-version":[{"id":7047,"href":"https:\/\/espacolivresergipe.com.br\/index.php\/wp-json\/wp\/v2\/posts\/7045\/revisions\/7047"}],"wp:featuredmedia":[{"embeddable":true,"href":"https:\/\/espacolivresergipe.com.br\/index.php\/wp-json\/wp\/v2\/media\/7046"}],"wp:attachment":[{"href":"https:\/\/espacolivresergipe.com.br\/index.php\/wp-json\/wp\/v2\/media?parent=7045"}],"wp:term":[{"taxonomy":"category","embeddable":true,"href":"https:\/\/espacolivresergipe.com.br\/index.php\/wp-json\/wp\/v2\/categories?post=7045"},{"taxonomy":"post_tag","embeddable":true,"href":"https:\/\/espacolivresergipe.com.br\/index.php\/wp-json\/wp\/v2\/tags?post=7045"}],"curies":[{"name":"wp","href":"https:\/\/api.w.org\/{rel}","templated":true}]}}