{"id":7051,"date":"2025-05-12T07:39:29","date_gmt":"2025-05-12T10:39:29","guid":{"rendered":"https:\/\/espacolivresergipe.com.br\/?p=7051"},"modified":"2025-05-12T07:39:30","modified_gmt":"2025-05-12T10:39:30","slug":"palacio-de-veraneio-ganhara-memorial-historico-cultural-em-aracaju","status":"publish","type":"post","link":"https:\/\/espacolivresergipe.com.br\/index.php\/2025\/05\/12\/palacio-de-veraneio-ganhara-memorial-historico-cultural-em-aracaju\/","title":{"rendered":"Pal\u00e1cio de Veraneio ganhar\u00e1 Memorial Hist\u00f3rico-Cultural, em Aracaju"},"content":{"rendered":"\n<p>Projeto est\u00e1 sendo desenvolvido pela CASACOR Sergipe, que abrir\u00e1 as portas ao p\u00fablico em outubro de 2025<\/p>\n\n\n\n<p>Constru\u00eddo entre 1939 e 1941 como casa de lazer para os governantes de Sergipe, o Pal\u00e1cio de Veraneio ganhar\u00e1 um novo uso. O im\u00f3vel desativado desde 2018 est\u00e1 sendo reformado pela atual gest\u00e3o e abrigar\u00e1 o novo gabinete de despachos do governador F\u00e1bio Mitidieri. Em outubro, o p\u00fablico ter\u00e1 a oportunidade de visitar o local durante a 5\u00aa edi\u00e7\u00e3o sergipana da principal mostra de arquitetura, paisagismo, arte e design de interiores das Am\u00e9ricas.<\/p>\n\n\n\n<p>Juntamente com o governo do Estado, a CASACOR Sergipe promover\u00e1 o reencontro da popula\u00e7\u00e3o com essa edifica\u00e7\u00e3o emblem\u00e1tica localizada na avenida Governador Paulo Barreto de Menezes, em Aracaju. &#8220;Estamos honrados com a oportunidade, concedida pelo governo de Sergipe, de reunirmos grandes arquitetos, designers e paisagistas para, juntos, entregarmos \u00e0 popula\u00e7\u00e3o um espa\u00e7o revitalizado, que ganhar\u00e1 um novo prop\u00f3sito a partir deste ano. O respeito ao patrim\u00f4nio p\u00fablico \u00e9 o norte de todo esse trabalho&#8221;, ressalta Merc\u00eas Souza, diretora Operacional da CASACOR Sergipe.<\/p>\n\n\n\n<p>&#8220;Semear sonhos&#8221; \u00e9 o tema do evento deste ano e a proposta criativa \u00e9 construir coletivamente um futuro poss\u00edvel, tendo a sustentabilidade como um dos pilares. &#8220;O objetivo do governo em reativar e dar um novo uso ao Pal\u00e1cio de Veraneio, preservando, reutilizando os recursos de forma respons\u00e1vel, valorizando o nosso patrim\u00f4nio, vem ao encontro do legado que a CASACOR quer deixar para a sociedade&#8221;, afirma Rodrigo Fonseca, diretor de Projetos e Relacionamento da CASACOR Sergipe.<\/p>\n\n\n\n<p>Patrim\u00f4nio hist\u00f3rico e cultural<\/p>\n\n\n\n<p>Fazer parte do time que ir\u00e1 promover essa revitaliza\u00e7\u00e3o ser\u00e1 motivo de orgulho para os arquitetos, designers, paisagistas e artistas que participar\u00e3o da mostra. &#8220;Os profissionais e empresas parceiras contribuir\u00e3o com a constru\u00e7\u00e3o de um legado duradouro, que transcender\u00e1 a temporalidade do evento. Eles ter\u00e3o a oportunidade de deixar uma marca permanente na hist\u00f3ria arquitet\u00f4nica e institucional de Sergipe&#8221;, enfatiza Gilvan Acciolli, diretor de Neg\u00f3cios da CASACOR Sergipe.<\/p>\n\n\n\n<p>Em contrapartida \u00e0 cess\u00e3o do espa\u00e7o, a equipe da mostra vai promover benfeitorias no local, como o desenvolvimento de um projeto para resgatar a hist\u00f3ria do Pal\u00e1cio, valorizando sua arquitetura e as mem\u00f3rias que o lugar carrega. &#8220;O Memorial Hist\u00f3rico-Cultural do Pal\u00e1cio de Veraneio permanecer\u00e1 no local ap\u00f3s a mostra&#8221;, destaca Merc\u00eas Souza.<\/p>\n\n\n\n<p>As caracter\u00edsticas originais do im\u00f3vel ser\u00e3o revitalizadas e os c\u00f4modos da casa sede ser\u00e3o projetados para atender \u00e0 nova funcionalidade. Para tanto, a equipe conta com a consultoria de uma arquiteta e urbanista especializada em conserva\u00e7\u00e3o e restauro. Dentre as melhorias realizadas com investimentos pr\u00f3prios da CASACOR, estar\u00e3o: projetos de arquitetura e interiores para ambientes da casa sede, incluindo a execu\u00e7\u00e3o de banheiros com acessibilidade; paisagismo dos jardins principais; cria\u00e7\u00e3o de um espa\u00e7o externo para atividades culturais; projeto de memorial para o Pal\u00e1cio de Veraneio.<\/p>\n\n\n\n<p>Al\u00e9m dos c\u00f4modos do interior da edifica\u00e7\u00e3o, que abrigar\u00e3o o memorial do Pal\u00e1cio de Veraneio e o gabinete de despacho do governador, outros espa\u00e7os ser\u00e3o projetados na \u00e1rea externa para a mostra. Ao todo, est\u00e3o previstos 36 ambientes, onde destacados arquitetos, paisagistas, designers de interiores e empresas parceiras ir\u00e3o proporcionar ao p\u00fablico uma experi\u00eancia singular em torno do morar e da hist\u00f3ria de Sergipe.<\/p>\n\n\n\n<p>Foto: Arquivo CASACOR Sergipe &#8211; Lotti+Caldas Comunica\u00e7\u00e3o<\/p>\n","protected":false},"excerpt":{"rendered":"<p>Projeto est\u00e1 sendo desenvolvido pela CASACOR Sergipe, que abrir\u00e1 as portas ao p\u00fablico em outubro de 2025 Constru\u00eddo entre 1939 e 1941 como casa de lazer para os governantes de Sergipe, o Pal\u00e1cio de Veraneio ganhar\u00e1 um novo uso. O im\u00f3vel desativado desde 2018 est\u00e1 sendo reformado pela atual gest\u00e3o e abrigar\u00e1 o novo gabinete [&hellip;]<\/p>\n","protected":false},"author":2,"featured_media":7052,"comment_status":"open","ping_status":"open","sticky":false,"template":"","format":"standard","meta":{"footnotes":""},"categories":[12,10],"tags":[],"class_list":["post-7051","post","type-post","status-publish","format-standard","has-post-thumbnail","hentry","category-agora","category-noticias"],"_links":{"self":[{"href":"https:\/\/espacolivresergipe.com.br\/index.php\/wp-json\/wp\/v2\/posts\/7051","targetHints":{"allow":["GET"]}}],"collection":[{"href":"https:\/\/espacolivresergipe.com.br\/index.php\/wp-json\/wp\/v2\/posts"}],"about":[{"href":"https:\/\/espacolivresergipe.com.br\/index.php\/wp-json\/wp\/v2\/types\/post"}],"author":[{"embeddable":true,"href":"https:\/\/espacolivresergipe.com.br\/index.php\/wp-json\/wp\/v2\/users\/2"}],"replies":[{"embeddable":true,"href":"https:\/\/espacolivresergipe.com.br\/index.php\/wp-json\/wp\/v2\/comments?post=7051"}],"version-history":[{"count":1,"href":"https:\/\/espacolivresergipe.com.br\/index.php\/wp-json\/wp\/v2\/posts\/7051\/revisions"}],"predecessor-version":[{"id":7053,"href":"https:\/\/espacolivresergipe.com.br\/index.php\/wp-json\/wp\/v2\/posts\/7051\/revisions\/7053"}],"wp:featuredmedia":[{"embeddable":true,"href":"https:\/\/espacolivresergipe.com.br\/index.php\/wp-json\/wp\/v2\/media\/7052"}],"wp:attachment":[{"href":"https:\/\/espacolivresergipe.com.br\/index.php\/wp-json\/wp\/v2\/media?parent=7051"}],"wp:term":[{"taxonomy":"category","embeddable":true,"href":"https:\/\/espacolivresergipe.com.br\/index.php\/wp-json\/wp\/v2\/categories?post=7051"},{"taxonomy":"post_tag","embeddable":true,"href":"https:\/\/espacolivresergipe.com.br\/index.php\/wp-json\/wp\/v2\/tags?post=7051"}],"curies":[{"name":"wp","href":"https:\/\/api.w.org\/{rel}","templated":true}]}}