{"id":7057,"date":"2025-05-12T09:11:57","date_gmt":"2025-05-12T12:11:57","guid":{"rendered":"https:\/\/espacolivresergipe.com.br\/?p=7057"},"modified":"2025-05-12T10:13:58","modified_gmt":"2025-05-12T13:13:58","slug":"coleta-do-lixo-emsurb-diz-que-a-renova-ja-foi-notificada-e-um-processo-administrativo-foi-instaurado-para-apurar","status":"publish","type":"post","link":"https:\/\/espacolivresergipe.com.br\/index.php\/2025\/05\/12\/coleta-do-lixo-emsurb-diz-que-a-renova-ja-foi-notificada-e-um-processo-administrativo-foi-instaurado-para-apurar\/","title":{"rendered":"Coleta do lixo: Emsurb diz que \u201ca Renova j\u00e1 foi notificada e um processo administrativo foi instaurado para apurar\u201d"},"content":{"rendered":"\n<p>A Empresa Municipal de Servi\u00e7os Urbanos (Emsurb) divulgou uma nota na manh\u00e3 desta segunda-feira (12), informando que continua empenhada em regularizar a coleta de lixo domiciliar em toda a capital.<\/p>\n\n\n\n<p>A nota da Empresa diz que \u201co servi\u00e7o foi impactado desde a semana passada devido \u00e0 retirada de cinco caminh\u00f5es coletores da empresa Renova, que aguardam vistoria t\u00e9cnica da Administra\u00e7\u00e3o Estadual do Meio Ambiente (Adema) para retomar a opera\u00e7\u00e3o\u201d.<\/p>\n\n\n\n<p>Diante disso, o cronograma operacional foi ajustado para priorizar \u00e1reas estrat\u00e9gicas, como a zona Norte, atendida normalmente \u00e0s segundas, quartas e sextas, al\u00e9m de regi\u00f5es das zonas Sul e Central da cidade.<\/p>\n\n\n\n<p>Desde o in\u00edcio do contrato com a empresa terceirizada, a Emsurb tem intensificado a fiscaliza\u00e7\u00e3o dos servi\u00e7os prestados. A Renova j\u00e1 foi notificada mais de dez vezes por falhas recorrentes, e um processo administrativo foi instaurado para apurar responsabilidades e aplicar as san\u00e7\u00f5es cab\u00edveis.<\/p>\n\n\n\n<p>A nota conclui dizendo que \u201ca Emsurb reafirma seu compromisso com a popula\u00e7\u00e3o de Aracaju e continuar\u00e1 adotando todas as medidas necess\u00e1rias para assegurar a qualidade do servi\u00e7o de coleta de lixo domiciliar\u201d.<\/p>\n\n\n\n<p>Com informa\u00e7\u00f5es da Emsurb<\/p>\n","protected":false},"excerpt":{"rendered":"<p>A Empresa Municipal de Servi\u00e7os Urbanos (Emsurb) divulgou uma nota na manh\u00e3 desta segunda-feira (12), informando que continua empenhada em regularizar a coleta de lixo domiciliar em toda a capital. A nota da Empresa diz que \u201co servi\u00e7o foi impactado desde a semana passada devido \u00e0 retirada de cinco caminh\u00f5es coletores da empresa Renova, que [&hellip;]<\/p>\n","protected":false},"author":2,"featured_media":7064,"comment_status":"open","ping_status":"open","sticky":false,"template":"","format":"standard","meta":{"footnotes":""},"categories":[11,6,10],"tags":[],"class_list":["post-7057","post","type-post","status-publish","format-standard","has-post-thumbnail","hentry","category-destaque","category-letreiro","category-noticias"],"_links":{"self":[{"href":"https:\/\/espacolivresergipe.com.br\/index.php\/wp-json\/wp\/v2\/posts\/7057","targetHints":{"allow":["GET"]}}],"collection":[{"href":"https:\/\/espacolivresergipe.com.br\/index.php\/wp-json\/wp\/v2\/posts"}],"about":[{"href":"https:\/\/espacolivresergipe.com.br\/index.php\/wp-json\/wp\/v2\/types\/post"}],"author":[{"embeddable":true,"href":"https:\/\/espacolivresergipe.com.br\/index.php\/wp-json\/wp\/v2\/users\/2"}],"replies":[{"embeddable":true,"href":"https:\/\/espacolivresergipe.com.br\/index.php\/wp-json\/wp\/v2\/comments?post=7057"}],"version-history":[{"count":1,"href":"https:\/\/espacolivresergipe.com.br\/index.php\/wp-json\/wp\/v2\/posts\/7057\/revisions"}],"predecessor-version":[{"id":7059,"href":"https:\/\/espacolivresergipe.com.br\/index.php\/wp-json\/wp\/v2\/posts\/7057\/revisions\/7059"}],"wp:featuredmedia":[{"embeddable":true,"href":"https:\/\/espacolivresergipe.com.br\/index.php\/wp-json\/wp\/v2\/media\/7064"}],"wp:attachment":[{"href":"https:\/\/espacolivresergipe.com.br\/index.php\/wp-json\/wp\/v2\/media?parent=7057"}],"wp:term":[{"taxonomy":"category","embeddable":true,"href":"https:\/\/espacolivresergipe.com.br\/index.php\/wp-json\/wp\/v2\/categories?post=7057"},{"taxonomy":"post_tag","embeddable":true,"href":"https:\/\/espacolivresergipe.com.br\/index.php\/wp-json\/wp\/v2\/tags?post=7057"}],"curies":[{"name":"wp","href":"https:\/\/api.w.org\/{rel}","templated":true}]}}