{"id":7060,"date":"2025-05-12T09:42:24","date_gmt":"2025-05-12T12:42:24","guid":{"rendered":"https:\/\/espacolivresergipe.com.br\/?p=7060"},"modified":"2025-05-12T09:42:25","modified_gmt":"2025-05-12T12:42:25","slug":"campanha-de-adocao-na-estacio-reforca-compromisso-com-o-bem-estar-animal-e-a-responsabilidade-social","status":"publish","type":"post","link":"https:\/\/espacolivresergipe.com.br\/index.php\/2025\/05\/12\/campanha-de-adocao-na-estacio-reforca-compromisso-com-o-bem-estar-animal-e-a-responsabilidade-social\/","title":{"rendered":"Campanha de ado\u00e7\u00e3o na Est\u00e1cio refor\u00e7a compromisso com o bem-estar animal e a responsabilidade social"},"content":{"rendered":"\n<p>No pr\u00f3ximo dia 14 de maio, \u00e0s 17h, a Est\u00e1cio se tornar\u00e1 palco de uma a\u00e7\u00e3o que transcende os muros da academia: a Campanha de Ado\u00e7\u00e3o organizada pelo curso de Medicina Veterin\u00e1ria da institui\u00e7\u00e3o. Muito al\u00e9m de um evento pontual, trata-se de uma poderosa iniciativa de impacto social, constru\u00edda com base em valores \u00e9ticos, empatia e compromisso com o bem-estar animal.<\/p>\n\n\n\n<p>Idealizada como uma ponte entre o conhecimento acad\u00eamico e os desafios do mundo real, a campanha oferece aos futuros m\u00e9dicos-veterin\u00e1rios uma viv\u00eancia concreta com a causa animal. Atrav\u00e9s do contato direto com animais resgatados, cuidados cl\u00ednicos e a media\u00e7\u00e3o do processo de ado\u00e7\u00e3o, os estudantes se tornam agentes ativos na constru\u00e7\u00e3o de uma sociedade mais justa para os animais \u2014 seres sencientes, cujos direitos v\u00eam ganhando cada vez mais reconhecimento jur\u00eddico e social.<\/p>\n\n\n\n<p>A coordenadora do curso de Medicina Veterin\u00e1ria da Est\u00e1cio, Camila Carlini, refor\u00e7a o papel da a\u00e7\u00e3o como ferramenta pedag\u00f3gica e de transforma\u00e7\u00e3o social: \u201cA campanha de ado\u00e7\u00e3o organizada pelo curso de Medicina Veterin\u00e1ria da Est\u00e1cio \u00e9 uma oportunidade \u00fanica de conectar nossos alunos \u00e0 realidade da causa animal, promovendo responsabilidade social e empatia. No dia 14 de maio, \u00e0s 17h, na Est\u00e1cio Aracaju, convidamos toda a comunidade a participar desse momento de cuidado e amor, refor\u00e7ando o compromisso com o bem-estar animal e o papel transformador da Medicina Veterin\u00e1ria na sociedade.\u201d<\/p>\n\n\n\n<p>Em um cen\u00e1rio onde o abandono de animais ainda \u00e9 alarmante \u2014 segundo estimativas do IBGE e da OMS, o Brasil possui mais de 30 milh\u00f5es de animais em situa\u00e7\u00e3o de rua \u2014 campanhas como esta s\u00e3o mais que necess\u00e1rias: s\u00e3o urgentes. Cada ado\u00e7\u00e3o concretizada representa uma vida resgatada da invisibilidade e um lar transformado pelo afeto.<\/p>\n\n\n\n<p>Aberta ao p\u00fablico, a campanha convida a popula\u00e7\u00e3o de Aracaju a participar ativamente, seja adotando um animal, contribuindo com doa\u00e7\u00f5es ou simplesmente conhecendo o trabalho desenvolvido pelos alunos e professores da Est\u00e1cio. Uma chance de fazer parte de uma rede de cuidado que come\u00e7a no ensino, mas que reverbera na vida real. Porque adotar \u00e9 um ato de amor \u2014 e educar para o amor \u00e9 a miss\u00e3o de toda universidade comprometida com o futuro.<\/p>\n\n\n\n<p>Texto e foto assessoria<\/p>\n","protected":false},"excerpt":{"rendered":"<p>No pr\u00f3ximo dia 14 de maio, \u00e0s 17h, a Est\u00e1cio se tornar\u00e1 palco de uma a\u00e7\u00e3o que transcende os muros da academia: a Campanha de Ado\u00e7\u00e3o organizada pelo curso de Medicina Veterin\u00e1ria da institui\u00e7\u00e3o. Muito al\u00e9m de um evento pontual, trata-se de uma poderosa iniciativa de impacto social, constru\u00edda com base em valores \u00e9ticos, empatia [&hellip;]<\/p>\n","protected":false},"author":2,"featured_media":7061,"comment_status":"open","ping_status":"open","sticky":false,"template":"","format":"standard","meta":{"footnotes":""},"categories":[12,6,10],"tags":[],"class_list":["post-7060","post","type-post","status-publish","format-standard","has-post-thumbnail","hentry","category-agora","category-letreiro","category-noticias"],"_links":{"self":[{"href":"https:\/\/espacolivresergipe.com.br\/index.php\/wp-json\/wp\/v2\/posts\/7060","targetHints":{"allow":["GET"]}}],"collection":[{"href":"https:\/\/espacolivresergipe.com.br\/index.php\/wp-json\/wp\/v2\/posts"}],"about":[{"href":"https:\/\/espacolivresergipe.com.br\/index.php\/wp-json\/wp\/v2\/types\/post"}],"author":[{"embeddable":true,"href":"https:\/\/espacolivresergipe.com.br\/index.php\/wp-json\/wp\/v2\/users\/2"}],"replies":[{"embeddable":true,"href":"https:\/\/espacolivresergipe.com.br\/index.php\/wp-json\/wp\/v2\/comments?post=7060"}],"version-history":[{"count":1,"href":"https:\/\/espacolivresergipe.com.br\/index.php\/wp-json\/wp\/v2\/posts\/7060\/revisions"}],"predecessor-version":[{"id":7062,"href":"https:\/\/espacolivresergipe.com.br\/index.php\/wp-json\/wp\/v2\/posts\/7060\/revisions\/7062"}],"wp:featuredmedia":[{"embeddable":true,"href":"https:\/\/espacolivresergipe.com.br\/index.php\/wp-json\/wp\/v2\/media\/7061"}],"wp:attachment":[{"href":"https:\/\/espacolivresergipe.com.br\/index.php\/wp-json\/wp\/v2\/media?parent=7060"}],"wp:term":[{"taxonomy":"category","embeddable":true,"href":"https:\/\/espacolivresergipe.com.br\/index.php\/wp-json\/wp\/v2\/categories?post=7060"},{"taxonomy":"post_tag","embeddable":true,"href":"https:\/\/espacolivresergipe.com.br\/index.php\/wp-json\/wp\/v2\/tags?post=7060"}],"curies":[{"name":"wp","href":"https:\/\/api.w.org\/{rel}","templated":true}]}}