{"id":7071,"date":"2025-05-12T11:09:43","date_gmt":"2025-05-12T14:09:43","guid":{"rendered":"https:\/\/espacolivresergipe.com.br\/?p=7071"},"modified":"2025-05-12T11:09:44","modified_gmt":"2025-05-12T14:09:44","slug":"prefeitura-de-lagarto-divulga-programacao-completa-da-2a-conferencia-municipal-das-cidades","status":"publish","type":"post","link":"https:\/\/espacolivresergipe.com.br\/index.php\/2025\/05\/12\/prefeitura-de-lagarto-divulga-programacao-completa-da-2a-conferencia-municipal-das-cidades\/","title":{"rendered":"Prefeitura de Lagarto divulga programa\u00e7\u00e3o completa da 2\u00aa Confer\u00eancia Municipal das Cidades"},"content":{"rendered":"\n<p>Inscri\u00e7\u00f5es continuam abertas at\u00e9 o dia 14, no site oficial da Prefeitura de Lagarto<\/p>\n\n\n\n<p>No dia 15 de maio, a Prefeitura de Lagarto, por meio das Secretarias Municipais de Governo e Inova\u00e7\u00e3o (Segov) e de Desenvolvimento Urbano (Semdu), realizar\u00e1 a 2\u00aa Confer\u00eancia Municipal das Cidades, um momento fundamental para discutir e formular pol\u00edticas p\u00fablicas e urbanas. A confer\u00eancia acontecer\u00e1 no audit\u00f3rio do Instituto Federal de Sergipe (IFS) &#8211; Campus Lagarto, das 8h \u00e0s 18h.<\/p>\n\n\n\n<p>A etapa municipal \u00e9 necess\u00e1ria para que ocorram as etapas estaduais e nacionais. Durante todo o dia, ser\u00e1 desenvolvida uma programa\u00e7\u00e3o que ter\u00e1 como foco a discuss\u00e3o dos eixos tem\u00e1ticos, elabora\u00e7\u00e3o de propostas e elei\u00e7\u00e3o dos delegados que representar\u00e3o o munic\u00edpio nas pr\u00f3ximas etapas da confer\u00eancia.<\/p>\n\n\n\n<p>A secret\u00e1ria de Governo e Inova\u00e7\u00e3o, Angela Albino, destaca a import\u00e2ncia da programa\u00e7\u00e3o que ser\u00e1 desenvolvida durante todo o dia 15 de maio. &#8220;Teremos uma programa\u00e7\u00e3o intensa e muito rica, com palestras e discuss\u00f5es sobre os eixos tem\u00e1ticos. A programa\u00e7\u00e3o foi pensada para promover um debate qualificado e participativo, e ser\u00e1 uma oportunidade estrat\u00e9gica para ouvir a popula\u00e7\u00e3o e construir, de forma coletiva, solu\u00e7\u00f5es para os principais desafios da cidade&#8221;, disse.<\/p>\n\n\n\n<p>Programa\u00e7\u00e3o:<\/p>\n\n\n\n<p>7h30 \u2013 In\u00edcio do credenciamento<\/p>\n\n\n\n<p>8h \u2013 Apresenta\u00e7\u00e3o da banda de professores do IFS<\/p>\n\n\n\n<p>8h30 \u2013 Mesa de abertura com fala das autoridades<\/p>\n\n\n\n<p>9h30 \u2013 Palestra com a arquiteta e urbanista Shirley Dantas<\/p>\n\n\n\n<p>Tema: Como pensar cidades mais eficientes, inclusivas e humanas<\/p>\n\n\n\n<p>Forma\u00e7\u00e3o de nova mesa para dar continuidade aos trabalhos<\/p>\n\n\n\n<p>10h10 \u2013 Leitura e aprova\u00e7\u00e3o do regimento<\/p>\n\n\n\n<p>10h40 \u2013 Discuss\u00e3o dos Eixos Tem\u00e1ticos em Grupos:<\/p>\n\n\n\n<p>\u2003\u2003- Eixo 1: Sustentabilidade ambiental e emerg\u00eancias clim\u00e1ticas<\/p>\n\n\n\n<p>\u2003\u2003- Eixo 2: Habita\u00e7\u00e3o e regulariza\u00e7\u00e3o fundi\u00e1ria<\/p>\n\n\n\n<p>\u2003\u2003- Eixo 3: Mobilidade urbana<\/p>\n\n\n\n<p>\u2003\u2003- Eixo 4: Espa\u00e7os p\u00fablicos inclusivos<\/p>\n\n\n\n<p>\u2003\u2003- Eixo 5: Saneamento ambiental<\/p>\n\n\n\n<p>\u2003\u2003- Eixo 6: Pol\u00edticas de patrim\u00f4nio hist\u00f3rico<\/p>\n\n\n\n<p>12h30 \u2013 Almo\u00e7o<\/p>\n\n\n\n<p>14h \u2013 Palestra com a arquiteta e urbanista, vice-presidente nacional do Instituto de Arquitetos do Brasil (IAB), Renata Dantas Ros\u00e1rio Sachs<\/p>\n\n\n\n<p>Tema: A\u00e7\u00f5es do IAB para melhoria das cidades, do urbanismo e prepara\u00e7\u00e3o para a COP30<\/p>\n\n\n\n<p>14h40 \u2013 Plen\u00e1ria final<\/p>\n\n\n\n<p>Apresenta\u00e7\u00e3o das propostas por eixos<\/p>\n\n\n\n<p>16h &#8211; Coffee Break<\/p>\n\n\n\n<p>16h20 &#8211; Elei\u00e7\u00e3o de delegados (as)<\/p>\n\n\n\n<p>18h \u2013 Encerramento<\/p>\n\n\n\n<p>Inscri\u00e7\u00f5es<\/p>\n\n\n\n<p>No total, 250 vagas foram disponibilizadas para as pessoas que t\u00eam interesse em participar da 2\u00aa Confer\u00eancia Municipal das Cidades. As inscri\u00e7\u00f5es estar\u00e3o abertas at\u00e9 o dia 14 de maio. Para se inscrever, basta acessar o site oficial da Prefeitura de Lagarto, clicar no banner que aparece na tela principal, preencher as informa\u00e7\u00f5es pessoais, selecionar o segmento que representa e escolher um eixo tem\u00e1tico.<\/p>\n\n\n\n<p>Acesse o link: https:\/\/sim2.lagarto.se.gov.br\/conferencia_municipal\/<\/p>\n\n\n\n<p>Por Secom\/PML<\/p>\n","protected":false},"excerpt":{"rendered":"<p>Inscri\u00e7\u00f5es continuam abertas at\u00e9 o dia 14, no site oficial da Prefeitura de Lagarto No dia 15 de maio, a Prefeitura de Lagarto, por meio das Secretarias Municipais de Governo e Inova\u00e7\u00e3o (Segov) e de Desenvolvimento Urbano (Semdu), realizar\u00e1 a 2\u00aa Confer\u00eancia Municipal das Cidades, um momento fundamental para discutir e formular pol\u00edticas p\u00fablicas e [&hellip;]<\/p>\n","protected":false},"author":2,"featured_media":7072,"comment_status":"open","ping_status":"open","sticky":false,"template":"","format":"standard","meta":{"footnotes":""},"categories":[12,7],"tags":[],"class_list":["post-7071","post","type-post","status-publish","format-standard","has-post-thumbnail","hentry","category-agora","category-sergipe"],"_links":{"self":[{"href":"https:\/\/espacolivresergipe.com.br\/index.php\/wp-json\/wp\/v2\/posts\/7071","targetHints":{"allow":["GET"]}}],"collection":[{"href":"https:\/\/espacolivresergipe.com.br\/index.php\/wp-json\/wp\/v2\/posts"}],"about":[{"href":"https:\/\/espacolivresergipe.com.br\/index.php\/wp-json\/wp\/v2\/types\/post"}],"author":[{"embeddable":true,"href":"https:\/\/espacolivresergipe.com.br\/index.php\/wp-json\/wp\/v2\/users\/2"}],"replies":[{"embeddable":true,"href":"https:\/\/espacolivresergipe.com.br\/index.php\/wp-json\/wp\/v2\/comments?post=7071"}],"version-history":[{"count":1,"href":"https:\/\/espacolivresergipe.com.br\/index.php\/wp-json\/wp\/v2\/posts\/7071\/revisions"}],"predecessor-version":[{"id":7073,"href":"https:\/\/espacolivresergipe.com.br\/index.php\/wp-json\/wp\/v2\/posts\/7071\/revisions\/7073"}],"wp:featuredmedia":[{"embeddable":true,"href":"https:\/\/espacolivresergipe.com.br\/index.php\/wp-json\/wp\/v2\/media\/7072"}],"wp:attachment":[{"href":"https:\/\/espacolivresergipe.com.br\/index.php\/wp-json\/wp\/v2\/media?parent=7071"}],"wp:term":[{"taxonomy":"category","embeddable":true,"href":"https:\/\/espacolivresergipe.com.br\/index.php\/wp-json\/wp\/v2\/categories?post=7071"},{"taxonomy":"post_tag","embeddable":true,"href":"https:\/\/espacolivresergipe.com.br\/index.php\/wp-json\/wp\/v2\/tags?post=7071"}],"curies":[{"name":"wp","href":"https:\/\/api.w.org\/{rel}","templated":true}]}}