{"id":7077,"date":"2025-05-12T11:29:50","date_gmt":"2025-05-12T14:29:50","guid":{"rendered":"https:\/\/espacolivresergipe.com.br\/?p=7077"},"modified":"2025-05-12T11:29:51","modified_gmt":"2025-05-12T14:29:51","slug":"camara-de-monte-alegre-aprova-projeto-de-lei-que-permite-contratacoes","status":"publish","type":"post","link":"https:\/\/espacolivresergipe.com.br\/index.php\/2025\/05\/12\/camara-de-monte-alegre-aprova-projeto-de-lei-que-permite-contratacoes\/","title":{"rendered":"C\u00e2mara de Monte Alegre aprova Projeto de Lei que permite contrata\u00e7\u00f5es"},"content":{"rendered":"\n<p>C\u00e2mara de Monte Alegre aprova PL que permite contrata\u00e7\u00f5es em detrimento de concurso p\u00fablico<\/p>\n\n\n\n<p>Na \u00faltima quarta-feira, 07 de maio, a C\u00e2mara de Vereadores de Monte Alegre aprovou, por unanimidade, dois Projetos de Lei enviados pelo Poder Executivo que acendem um alerta grave sobre a precariza\u00e7\u00e3o do servi\u00e7o p\u00fablico municipal. Trata-se dos PLs 21\/2025 e 22\/2025, que, segundo o Sindicato dos Servidores P\u00fablicos Municipais de Monte Alegre (SINTEGRE), representam um duro golpe na estabilidade, valoriza\u00e7\u00e3o e legalidade das contrata\u00e7\u00f5es no servi\u00e7o p\u00fablico.<\/p>\n\n\n\n<p>O PL 22\/2025 trata da contrata\u00e7\u00e3o tempor\u00e1ria de pessoal, mas, na pr\u00e1tica, d\u00e1 carta branca ao Executivo para criar cargos e realizar contrata\u00e7\u00f5es em fun\u00e7\u00f5es que deveriam ser ocupadas por servidores concursados, enfraquecendo ainda mais a necessidade de realiza\u00e7\u00e3o de concurso p\u00fablico \u2014 algo que n\u00e3o ocorre no munic\u00edpio h\u00e1 mais de 15 anos.<\/p>\n\n\n\n<p>J\u00e1 o PL 21\/2025, que trata do reordenamento da estrutura administrativa, cria novas secretarias e \u00f3rg\u00e3os, o que, por consequ\u00eancia, aumenta a necessidade de contrata\u00e7\u00f5es, sustentando e refor\u00e7ando o conte\u00fado do PL 22\/2025. A combina\u00e7\u00e3o das duas propostas evidencia uma tentativa de expans\u00e3o da m\u00e1quina p\u00fablica sem a devida transpar\u00eancia e sem o compromisso com a efetividade do servi\u00e7o p\u00fablico.<\/p>\n\n\n\n<p>O presidente do SINTEGRE, Rinaldo Santana, lamentou profundamente a condu\u00e7\u00e3o do processo legislativo e denunciou o atropelo na tramita\u00e7\u00e3o das mat\u00e9rias. &#8220;\u00c9 revoltante ver que projetos com impacto direto na vida dos servidores e na estrutura do munic\u00edpio tenham sido aprovados sem qualquer debate, numa clara demonstra\u00e7\u00e3o de desrespeito com a categoria e com o princ\u00edpio da legalidade. N\u00f3s do SINTEGRE protocolamos of\u00edcio junto \u00e0 C\u00e2mara pedindo que os vereadores n\u00e3o aprovassem os PLs nesses moldes, justamente para evitar esse retrocesso. A estabilidade do servidor n\u00e3o \u00e9 privil\u00e9gio, \u00e9 garantia de um servi\u00e7o p\u00fablico de qualidade. O que est\u00e3o fazendo \u00e9 abrir caminho para indica\u00e7\u00f5es pol\u00edticas, burlando o concurso p\u00fablico&#8221;, denuncia.<\/p>\n\n\n\n<p>O SINTEGRE refor\u00e7a seu compromisso com a luta por um servi\u00e7o p\u00fablico de qualidade, com servidores valorizados, respeitados e investidos legalmente em seus cargos. O sindicato continuar\u00e1 vigilante e tomar\u00e1 as medidas necess\u00e1rias para proteger os direitos da categoria e denunciar qualquer tentativa de precariza\u00e7\u00e3o do servi\u00e7o p\u00fablico em Monte Alegre.<\/p>\n\n\n\n<p>Ascom FETAM Sergipe<\/p>\n","protected":false},"excerpt":{"rendered":"<p>C\u00e2mara de Monte Alegre aprova PL que permite contrata\u00e7\u00f5es em detrimento de concurso p\u00fablico Na \u00faltima quarta-feira, 07 de maio, a C\u00e2mara de Vereadores de Monte Alegre aprovou, por unanimidade, dois Projetos de Lei enviados pelo Poder Executivo que acendem um alerta grave sobre a precariza\u00e7\u00e3o do servi\u00e7o p\u00fablico municipal. Trata-se dos PLs 21\/2025 e [&hellip;]<\/p>\n","protected":false},"author":2,"featured_media":7078,"comment_status":"open","ping_status":"open","sticky":false,"template":"","format":"standard","meta":{"footnotes":""},"categories":[12,7],"tags":[],"class_list":["post-7077","post","type-post","status-publish","format-standard","has-post-thumbnail","hentry","category-agora","category-sergipe"],"_links":{"self":[{"href":"https:\/\/espacolivresergipe.com.br\/index.php\/wp-json\/wp\/v2\/posts\/7077","targetHints":{"allow":["GET"]}}],"collection":[{"href":"https:\/\/espacolivresergipe.com.br\/index.php\/wp-json\/wp\/v2\/posts"}],"about":[{"href":"https:\/\/espacolivresergipe.com.br\/index.php\/wp-json\/wp\/v2\/types\/post"}],"author":[{"embeddable":true,"href":"https:\/\/espacolivresergipe.com.br\/index.php\/wp-json\/wp\/v2\/users\/2"}],"replies":[{"embeddable":true,"href":"https:\/\/espacolivresergipe.com.br\/index.php\/wp-json\/wp\/v2\/comments?post=7077"}],"version-history":[{"count":1,"href":"https:\/\/espacolivresergipe.com.br\/index.php\/wp-json\/wp\/v2\/posts\/7077\/revisions"}],"predecessor-version":[{"id":7079,"href":"https:\/\/espacolivresergipe.com.br\/index.php\/wp-json\/wp\/v2\/posts\/7077\/revisions\/7079"}],"wp:featuredmedia":[{"embeddable":true,"href":"https:\/\/espacolivresergipe.com.br\/index.php\/wp-json\/wp\/v2\/media\/7078"}],"wp:attachment":[{"href":"https:\/\/espacolivresergipe.com.br\/index.php\/wp-json\/wp\/v2\/media?parent=7077"}],"wp:term":[{"taxonomy":"category","embeddable":true,"href":"https:\/\/espacolivresergipe.com.br\/index.php\/wp-json\/wp\/v2\/categories?post=7077"},{"taxonomy":"post_tag","embeddable":true,"href":"https:\/\/espacolivresergipe.com.br\/index.php\/wp-json\/wp\/v2\/tags?post=7077"}],"curies":[{"name":"wp","href":"https:\/\/api.w.org\/{rel}","templated":true}]}}