{"id":7083,"date":"2025-05-12T11:58:35","date_gmt":"2025-05-12T14:58:35","guid":{"rendered":"https:\/\/espacolivresergipe.com.br\/?p=7083"},"modified":"2025-05-12T11:58:37","modified_gmt":"2025-05-12T14:58:37","slug":"ceac-levara-servicos-a-populacao-de-sao-francisco-no-sergipe-e-aqui","status":"publish","type":"post","link":"https:\/\/espacolivresergipe.com.br\/index.php\/2025\/05\/12\/ceac-levara-servicos-a-populacao-de-sao-francisco-no-sergipe-e-aqui\/","title":{"rendered":"Ceac levar\u00e1 servi\u00e7os \u00e0 popula\u00e7\u00e3o de S\u00e3o Francisco no \u2018Sergipe \u00e9 aqui\u2019"},"content":{"rendered":"\n<p>Nesta ter\u00e7a-feira, 13, o munic\u00edpio de S\u00e3o Francisco recebe a 47\u00aa edi\u00e7\u00e3o do programa \u2018Sergipe \u00e9 aqui\u2019, que busca atender as demandas da popula\u00e7\u00e3o sergipana com mais de 160 servi\u00e7os disponibilizados por diversos \u00f3rg\u00e3os do Governo de Sergipe. O evento ocorre a partir das 8h, na Escola Municipal Leandro Maciel.<\/p>\n\n\n\n<p>A Secretaria de Estado da Administra\u00e7\u00e3o (Sead) participa com os servi\u00e7os ofertados no Centro de Atendimento ao Cidad\u00e3o (Ceac) Itinerante e no Espa\u00e7o do Servidor.<\/p>\n\n\n\n<p>Espa\u00e7o do Servidor<\/p>\n\n\n\n<p>Emiss\u00e3o de contracheque;<\/p>\n\n\n\n<p>Emiss\u00e3o de senha para acesso ao portal do servidor;<\/p>\n\n\n\n<p>Emiss\u00e3o de ficha financeira;<\/p>\n\n\n\n<p>Emiss\u00e3o de CTS;<\/p>\n\n\n\n<p>Atualiza\u00e7\u00e3o de cadastro do servidor;<\/p>\n\n\n\n<p>Informa\u00e7\u00f5es sobre aux\u00edlio funeral (quem pode requerer, valor, documentos necess\u00e1rios);<\/p>\n\n\n\n<p>Realiza\u00e7\u00e3o da prova de vida;<\/p>\n\n\n\n<p>Informa\u00e7\u00f5es sobre a margem do cr\u00e9dito consignado (quanto pode ser utilizado, quanto ainda tem dispon\u00edvel);<\/p>\n\n\n\n<p>Informa\u00e7\u00f5es e agendamento de per\u00edcia m\u00e9dica;<\/p>\n\n\n\n<p>Realiza\u00e7\u00e3o de protocolo de atendimento;<\/p>\n\n\n\n<p>Informa\u00e7\u00f5es sobre o andamento dos processos do E-doc, via consulta.<\/p>\n\n\n\n<p>DER\/SE<\/p>\n\n\n\n<p>Emiss\u00e3o de Passe Livre Intermunicipal para idoso acima 65 anos e PcD.<\/p>\n\n\n\n<p>Servi\u00e7os r\u00e1pidos<\/p>\n\n\n\n<p>Despachos administrativos da Sead;<\/p>\n\n\n\n<p>Emiss\u00e3o de certid\u00f5es negativas (Justi\u00e7a Federal, Justi\u00e7a Estadual, quita\u00e7\u00e3o eleitoral e crime eleitoral);<\/p>\n\n\n\n<p>Solicita\u00e7\u00e3o de segunda via de fatura da Energisa e da Deso.<\/p>\n\n\n\n<p>N\u00facleo de Apoio Fiscal e Cont\u00e1bil<\/p>\n\n\n\n<p>CPF (inscri\u00e7\u00e3o, altera\u00e7\u00e3o e regulariza\u00e7\u00e3o)<\/p>\n\n\n\n<p>Imposto de Renda Pessoa F\u00edsica (declara\u00e7\u00e3o, boleto, parcelamento)<\/p>\n\n\n\n<p>MEI (boleto, inscri\u00e7\u00e3o, altera\u00e7\u00e3o, parcelamento, declara\u00e7\u00e3o)<\/p>\n\n\n\n<p>Situa\u00e7\u00e3o Fiscal e Cadastral na Receita Federal<\/p>\n\n\n\n<p>Certid\u00f5es negativas<\/p>\n\n\n\n<p>Parcelamento Receita Federal e PGFN<\/p>\n\n\n\n<p>Documenta\u00e7\u00e3o necess\u00e1ria<\/p>\n\n\n\n<p>Para ter acesso aos servi\u00e7os descritos, \u00e9 fundamental que o cidad\u00e3o esteja atento aos documentos necess\u00e1rios:<\/p>\n\n\n\n<p>Espa\u00e7o do Servidor: RG<\/p>\n\n\n\n<p>Passe Livre idoso: RG e CPF; comprovante de resid\u00eancia; comprovante de renda igual ou inferior a dois sal\u00e1rios m\u00ednimos; foto 3\u00d74 (caso o idoso n\u00e3o esteja presente).<\/p>\n\n\n\n<p>Passe Livre PcD: RG e CPF originais e c\u00f3pias; comprovante de resid\u00eancia; relat\u00f3rio m\u00e9dico atual com CID ou exame atual que comprove a defici\u00eancia; cart\u00e3o do SUS; acuidade visual (no caso de deficiente visual); audiometria (no caso de deficiente auditivo); comprovante de renda familiar igual ou inferior a um sal\u00e1rio m\u00ednimo.<\/p>\n\n\n\n<p>Se o solicitante n\u00e3o possuir renda, deve apresentar o CNIS (INSS). Caso a renda seja superior a um sal\u00e1rio m\u00ednimo e haja dependentes, \u00e9 preciso levar a c\u00f3pia do RG ou certid\u00e3o de nascimento dos filhos menores de idade ou do CNIS do c\u00f4njuge.<\/p>\n\n\n\n<p>Energisa: CDC conta de luz ou CPF.<\/p>\n\n\n\n<p>Deso: CPF e matr\u00edcula da conta.<\/p>\n\n\n\n<p>Defensoria P\u00fablica: RG e CPF; certid\u00e3o de nascimento ou de casamento (original e c\u00f3pia); comprovante de resid\u00eancia; comprovante de renda (caso seja benefici\u00e1rio do Bolsa Fam\u00edlia, apresentar cart\u00e3o).<\/p>\n\n\n\n<p>NAF: certid\u00e3o de nascimento e comprovante de resid\u00eancia. Os pais devem apresentar documento com foto.<\/p>\n\n\n\n<p>Foto: Iran Souza\/Ascom Sead<\/p>\n","protected":false},"excerpt":{"rendered":"<p>Nesta ter\u00e7a-feira, 13, o munic\u00edpio de S\u00e3o Francisco recebe a 47\u00aa edi\u00e7\u00e3o do programa \u2018Sergipe \u00e9 aqui\u2019, que busca atender as demandas da popula\u00e7\u00e3o sergipana com mais de 160 servi\u00e7os disponibilizados por diversos \u00f3rg\u00e3os do Governo de Sergipe. O evento ocorre a partir das 8h, na Escola Municipal Leandro Maciel. A Secretaria de Estado da [&hellip;]<\/p>\n","protected":false},"author":2,"featured_media":7084,"comment_status":"open","ping_status":"open","sticky":false,"template":"","format":"standard","meta":{"footnotes":""},"categories":[13,7],"tags":[],"class_list":["post-7083","post","type-post","status-publish","format-standard","has-post-thumbnail","hentry","category-acontece","category-sergipe"],"_links":{"self":[{"href":"https:\/\/espacolivresergipe.com.br\/index.php\/wp-json\/wp\/v2\/posts\/7083","targetHints":{"allow":["GET"]}}],"collection":[{"href":"https:\/\/espacolivresergipe.com.br\/index.php\/wp-json\/wp\/v2\/posts"}],"about":[{"href":"https:\/\/espacolivresergipe.com.br\/index.php\/wp-json\/wp\/v2\/types\/post"}],"author":[{"embeddable":true,"href":"https:\/\/espacolivresergipe.com.br\/index.php\/wp-json\/wp\/v2\/users\/2"}],"replies":[{"embeddable":true,"href":"https:\/\/espacolivresergipe.com.br\/index.php\/wp-json\/wp\/v2\/comments?post=7083"}],"version-history":[{"count":1,"href":"https:\/\/espacolivresergipe.com.br\/index.php\/wp-json\/wp\/v2\/posts\/7083\/revisions"}],"predecessor-version":[{"id":7085,"href":"https:\/\/espacolivresergipe.com.br\/index.php\/wp-json\/wp\/v2\/posts\/7083\/revisions\/7085"}],"wp:featuredmedia":[{"embeddable":true,"href":"https:\/\/espacolivresergipe.com.br\/index.php\/wp-json\/wp\/v2\/media\/7084"}],"wp:attachment":[{"href":"https:\/\/espacolivresergipe.com.br\/index.php\/wp-json\/wp\/v2\/media?parent=7083"}],"wp:term":[{"taxonomy":"category","embeddable":true,"href":"https:\/\/espacolivresergipe.com.br\/index.php\/wp-json\/wp\/v2\/categories?post=7083"},{"taxonomy":"post_tag","embeddable":true,"href":"https:\/\/espacolivresergipe.com.br\/index.php\/wp-json\/wp\/v2\/tags?post=7083"}],"curies":[{"name":"wp","href":"https:\/\/api.w.org\/{rel}","templated":true}]}}