{"id":7086,"date":"2025-05-12T12:11:53","date_gmt":"2025-05-12T15:11:53","guid":{"rendered":"https:\/\/espacolivresergipe.com.br\/?p=7086"},"modified":"2025-05-12T12:11:54","modified_gmt":"2025-05-12T15:11:54","slug":"prefeita-emilia-correa-sanciona-lei-que-concede-remissao-do-iptu-em-aracaju","status":"publish","type":"post","link":"https:\/\/espacolivresergipe.com.br\/index.php\/2025\/05\/12\/prefeita-emilia-correa-sanciona-lei-que-concede-remissao-do-iptu-em-aracaju\/","title":{"rendered":"Prefeita Em\u00edlia Corr\u00eaa sanciona Lei que concede remiss\u00e3o do IPTU em Aracaju"},"content":{"rendered":"\n<p>A Prefeita de Aracaju, Em\u00edlia Corr\u00eaa, anunciou a san\u00e7\u00e3o da Lei n\u00ba 6.154\/2025, que concede a remiss\u00e3o de d\u00e9bitos do Imposto sobre a Propriedade Predial e Territorial Urbana (IPTU) relativos ao exerc\u00edcio de 2025 e anos anteriores, para contribuintes que se enquadrem em condi\u00e7\u00f5es espec\u00edficas. A medida foi oficializada na \u00faltima sexta-feira, 9.<\/p>\n\n\n\n<p>O benef\u00edcio \u00e9 destinado a propriet\u00e1rios de im\u00f3veis cujo valor venal esteja entre R$ 90 mil e R$ 168 mil, desde que o im\u00f3vel seja utilizado como resid\u00eancia, o contribuinte possua apenas esse bem e a renda familiar bruta mensal n\u00e3o ultrapasse dois sal\u00e1rios m\u00ednimos. Nos casos em que o valor venal do im\u00f3vel for igual ou inferior a R$ 90 mil, o contribuinte estar\u00e1 dispensado de apresentar documenta\u00e7\u00e3o comprovando a renda familiar. Nesses casos, o benef\u00edcio ser\u00e1 concedido automaticamente.<\/p>\n\n\n\n<p>Para a prefeita Em\u00edlia Corr\u00eaa, a medida visa garantir justi\u00e7a fiscal e apoiar as fam\u00edlias em situa\u00e7\u00e3o de vulnerabilidade econ\u00f4mica. \u201cAcabamos de sancionar a lei n\u00ba 6.154 de 8 de maio de 2025, que concede remiss\u00e3o do IPTU, ou seja, o perd\u00e3o da d\u00edvida para fam\u00edlias de baixa renda, aliviando o peso financeiro para quem mais precisa. Se voc\u00ea se encaixa nesses casos, j\u00e1 pode procurar a Secretaria Municipal da Fazenda e solicitar a emiss\u00e3o do seu IPTU\u201d, destacou.<\/p>\n\n\n\n<p>A a\u00e7\u00e3o tamb\u00e9m abrange servidores municipais efetivos que possuam apenas um im\u00f3vel e que exer\u00e7am suas atividades exclusivamente na Prefeitura ou na C\u00e2mara Municipal de Aracaju (CMA). Para ter direito ao benef\u00edcio, o contribuinte dever\u00e1 comprovar renda bruta familiar mensal de at\u00e9 dois sal\u00e1rios m\u00ednimos e que o im\u00f3vel seja utilizado como resid\u00eancia pr\u00f3pria, localizado em Aracaju.<\/p>\n\n\n\n<p>Fernando Mota, auditor de tributos municipais, esclarece que a remiss\u00e3o \u00e9 um instrumento previsto no Direito Tribut\u00e1rio que extingue o cr\u00e9dito tribut\u00e1rio mediante o perd\u00e3o da d\u00edvida. \u201cO projeto considera o princ\u00edpio da capacidade contributiva e estabelece a exclus\u00e3o do pagamento do IPTU para cidad\u00e3os que possuem um \u00fanico im\u00f3vel com valor venal igual ou inferior a R$ 90 mil, sem necessidade de comprova\u00e7\u00e3o adicional. Nesses casos, trata-se de remiss\u00e3o objetiva, que considera apenas o bem tributado, presumindo-se a baixa capacidade de pagamento do contribuinte\u201d, explicou.<\/p>\n\n\n\n<p>A iniciativa refor\u00e7a o compromisso da administra\u00e7\u00e3o municipal com a justi\u00e7a fiscal e o apoio \u00e0s fam\u00edlias em situa\u00e7\u00e3o de vulnerabilidade econ\u00f4mica, contribuindo para o al\u00edvio financeiro dos cidad\u00e3os aracajuanos que atendem aos crit\u00e9rios estabelecidos.<\/p>\n\n\n\n<p>Ascom\/Semfaz<\/p>\n","protected":false},"excerpt":{"rendered":"<p>A Prefeita de Aracaju, Em\u00edlia Corr\u00eaa, anunciou a san\u00e7\u00e3o da Lei n\u00ba 6.154\/2025, que concede a remiss\u00e3o de d\u00e9bitos do Imposto sobre a Propriedade Predial e Territorial Urbana (IPTU) relativos ao exerc\u00edcio de 2025 e anos anteriores, para contribuintes que se enquadrem em condi\u00e7\u00f5es espec\u00edficas. A medida foi oficializada na \u00faltima sexta-feira, 9. O benef\u00edcio [&hellip;]<\/p>\n","protected":false},"author":2,"featured_media":7087,"comment_status":"open","ping_status":"open","sticky":false,"template":"","format":"standard","meta":{"footnotes":""},"categories":[11,6,2],"tags":[],"class_list":["post-7086","post","type-post","status-publish","format-standard","has-post-thumbnail","hentry","category-destaque","category-letreiro","category-politica"],"_links":{"self":[{"href":"https:\/\/espacolivresergipe.com.br\/index.php\/wp-json\/wp\/v2\/posts\/7086","targetHints":{"allow":["GET"]}}],"collection":[{"href":"https:\/\/espacolivresergipe.com.br\/index.php\/wp-json\/wp\/v2\/posts"}],"about":[{"href":"https:\/\/espacolivresergipe.com.br\/index.php\/wp-json\/wp\/v2\/types\/post"}],"author":[{"embeddable":true,"href":"https:\/\/espacolivresergipe.com.br\/index.php\/wp-json\/wp\/v2\/users\/2"}],"replies":[{"embeddable":true,"href":"https:\/\/espacolivresergipe.com.br\/index.php\/wp-json\/wp\/v2\/comments?post=7086"}],"version-history":[{"count":1,"href":"https:\/\/espacolivresergipe.com.br\/index.php\/wp-json\/wp\/v2\/posts\/7086\/revisions"}],"predecessor-version":[{"id":7088,"href":"https:\/\/espacolivresergipe.com.br\/index.php\/wp-json\/wp\/v2\/posts\/7086\/revisions\/7088"}],"wp:featuredmedia":[{"embeddable":true,"href":"https:\/\/espacolivresergipe.com.br\/index.php\/wp-json\/wp\/v2\/media\/7087"}],"wp:attachment":[{"href":"https:\/\/espacolivresergipe.com.br\/index.php\/wp-json\/wp\/v2\/media?parent=7086"}],"wp:term":[{"taxonomy":"category","embeddable":true,"href":"https:\/\/espacolivresergipe.com.br\/index.php\/wp-json\/wp\/v2\/categories?post=7086"},{"taxonomy":"post_tag","embeddable":true,"href":"https:\/\/espacolivresergipe.com.br\/index.php\/wp-json\/wp\/v2\/tags?post=7086"}],"curies":[{"name":"wp","href":"https:\/\/api.w.org\/{rel}","templated":true}]}}