{"id":7089,"date":"2025-05-12T12:28:24","date_gmt":"2025-05-12T15:28:24","guid":{"rendered":"https:\/\/espacolivresergipe.com.br\/?p=7089"},"modified":"2025-05-12T12:33:08","modified_gmt":"2025-05-12T15:33:08","slug":"fundacao-aperipe-divulga-resultado-do-sorteio-do-edital-de-ambulantes-para-o-arraia-do-povo-e-vila-do-forro-2025","status":"publish","type":"post","link":"https:\/\/espacolivresergipe.com.br\/index.php\/2025\/05\/12\/fundacao-aperipe-divulga-resultado-do-sorteio-do-edital-de-ambulantes-para-o-arraia-do-povo-e-vila-do-forro-2025\/","title":{"rendered":"Funda\u00e7\u00e3o Aperip\u00ea divulga resultado do sorteio do edital de ambulantes para o Arrai\u00e1 do Povo e Vila do Forr\u00f3 2025"},"content":{"rendered":"\n<p>A Funda\u00e7\u00e3o de Cultura e Arte Aperip\u00ea (Funcap) divulgou nesta segunda-feira, 12, o resultado do edital de credenciamento de ambulantes e permission\u00e1rios para comercializa\u00e7\u00e3o de alimentos, bebidas e produtos diversos durante o Arrai\u00e1 do Povo e a Vila do Forr\u00f3 2025. A sele\u00e7\u00e3o foi realizada por meio de sorteio eletr\u00f4nico, com 3.218 inscritos, na Pra\u00e7a de Eventos da Orla da Atalaia. A lista de sorteados est\u00e1 dispon\u00edvel no site da Funcap, na aba\u00a0<strong><a href=\"https:\/\/www.se.gov.br\/funcap\/editais\">\u201cEditais\u201d<\/a>.<\/strong><\/p>\n\n\n\n<p>Entre os contemplados, Ana C\u00e1ssia, que trabalha com venda de churros, comemorou a oportunidade de garantir uma renda durante o ciclo junino. \u201cJ\u00e1 participei de tr\u00eas eventos aqui na Vila, incluindo a Vila da P\u00e1scoa. \u00c9 sempre uma boa oportunidade para quem n\u00e3o tem emprego fixo. Esse per\u00edodo atrai muitos turistas e beneficia pequenos empreendedores, com\u00e9rcios e hot\u00e9is. Estou muito feliz\u201d, afirmou.<\/p>\n\n\n\n<p>Tamb\u00e9m selecionada, Vanisse Alves, vendedora h\u00e1 mais de 40 anos, destacou a import\u00e2ncia desse espa\u00e7o para a venda de seus produtos. \u201cFui contemplada e estou muito feliz. A Vila nos d\u00e1 oportunidade de trabalhar, \u00e9 uma b\u00ean\u00e7\u00e3o. Participei de outras edi\u00e7\u00f5es e, com f\u00e9, vou participar desta tamb\u00e9m\u201d, disse.<\/p>\n\n\n\n<p>Edital de bares e restaurantes<\/p>\n\n\n\n<p>Nesta ter\u00e7a-feira, 13 de maio, ser\u00e1 realizada a abertura dos envelopes dos estabelecimentos habilitados para opera\u00e7\u00e3o nos espa\u00e7os destinados a bares e restaurantes. A a\u00e7\u00e3o ser\u00e1 transmitida ao vivo pelas redes sociais da Funcap e pela TV Aperip\u00ea, canal 6.1.<\/p>\n\n\n\n<p>O resultado final ser\u00e1 divulgado no dia 14 de maio. Os vencedores ter\u00e3o at\u00e9 o dia 17 para efetuar o pagamento do valor arrematado, garantindo a autoriza\u00e7\u00e3o de uso dos espa\u00e7os durante os festejos.<\/p>\n\n\n\n<p>Foto: Diego Souza<\/p>\n","protected":false},"excerpt":{"rendered":"<p>A Funda\u00e7\u00e3o de Cultura e Arte Aperip\u00ea (Funcap) divulgou nesta segunda-feira, 12, o resultado do edital de credenciamento de ambulantes e permission\u00e1rios para comercializa\u00e7\u00e3o de alimentos, bebidas e produtos diversos durante o Arrai\u00e1 do Povo e a Vila do Forr\u00f3 2025. A sele\u00e7\u00e3o foi realizada por meio de sorteio eletr\u00f4nico, com 3.218 inscritos, na Pra\u00e7a [&hellip;]<\/p>\n","protected":false},"author":2,"featured_media":7090,"comment_status":"open","ping_status":"open","sticky":false,"template":"","format":"standard","meta":{"footnotes":""},"categories":[13,10],"tags":[],"class_list":["post-7089","post","type-post","status-publish","format-standard","has-post-thumbnail","hentry","category-acontece","category-noticias"],"_links":{"self":[{"href":"https:\/\/espacolivresergipe.com.br\/index.php\/wp-json\/wp\/v2\/posts\/7089","targetHints":{"allow":["GET"]}}],"collection":[{"href":"https:\/\/espacolivresergipe.com.br\/index.php\/wp-json\/wp\/v2\/posts"}],"about":[{"href":"https:\/\/espacolivresergipe.com.br\/index.php\/wp-json\/wp\/v2\/types\/post"}],"author":[{"embeddable":true,"href":"https:\/\/espacolivresergipe.com.br\/index.php\/wp-json\/wp\/v2\/users\/2"}],"replies":[{"embeddable":true,"href":"https:\/\/espacolivresergipe.com.br\/index.php\/wp-json\/wp\/v2\/comments?post=7089"}],"version-history":[{"count":2,"href":"https:\/\/espacolivresergipe.com.br\/index.php\/wp-json\/wp\/v2\/posts\/7089\/revisions"}],"predecessor-version":[{"id":7093,"href":"https:\/\/espacolivresergipe.com.br\/index.php\/wp-json\/wp\/v2\/posts\/7089\/revisions\/7093"}],"wp:featuredmedia":[{"embeddable":true,"href":"https:\/\/espacolivresergipe.com.br\/index.php\/wp-json\/wp\/v2\/media\/7090"}],"wp:attachment":[{"href":"https:\/\/espacolivresergipe.com.br\/index.php\/wp-json\/wp\/v2\/media?parent=7089"}],"wp:term":[{"taxonomy":"category","embeddable":true,"href":"https:\/\/espacolivresergipe.com.br\/index.php\/wp-json\/wp\/v2\/categories?post=7089"},{"taxonomy":"post_tag","embeddable":true,"href":"https:\/\/espacolivresergipe.com.br\/index.php\/wp-json\/wp\/v2\/tags?post=7089"}],"curies":[{"name":"wp","href":"https:\/\/api.w.org\/{rel}","templated":true}]}}