{"id":7099,"date":"2025-05-12T13:46:08","date_gmt":"2025-05-12T16:46:08","guid":{"rendered":"https:\/\/espacolivresergipe.com.br\/?p=7099"},"modified":"2025-05-12T13:46:09","modified_gmt":"2025-05-12T16:46:09","slug":"curta-sergipano-coisa-de-preto-sera-lancado-dia-19-de-maio-em-poco-redondo","status":"publish","type":"post","link":"https:\/\/espacolivresergipe.com.br\/index.php\/2025\/05\/12\/curta-sergipano-coisa-de-preto-sera-lancado-dia-19-de-maio-em-poco-redondo\/","title":{"rendered":"Curta sergipano &#8220;Coisa de Preto&#8221; ser\u00e1 lan\u00e7ado dia 19 de maio, em Po\u00e7o Redondo"},"content":{"rendered":"\n<p>Com roteiro da professora e cordelista Daniela Bento e dire\u00e7\u00e3o de P\u00e2mela Peregrino, o curta-metragem de anima\u00e7\u00e3o &#8220;Coisa de Preto&#8221; ser\u00e1 lan\u00e7ado no dia 19 de maio, \u00e0s 19h, no Teatro Ra\u00edzes Nordestinas, em Po\u00e7o Redondo (SE), a entrada \u00e9 gratuita. A produ\u00e7\u00e3o j\u00e1 foi premiada com Melhor Roteiro no festival Tela Cariri: O Nordeste \u00c9 Coisa de Cinema, realizado de 20 a 30 de mar\u00e7o de 2025. O curta \u00e9 distribu\u00eddo pela Corpo Fechado Produ\u00e7\u00f5es e foi contemplada no Chamamento P\u00fablico n\u00ba 01\/2023 \u2013 Senira Correia de Souza, com recursos da Lei Paulo Gustavo (LC n\u00ba 195\/2022), do Governo Federal.<\/p>\n\n\n\n<p>Inspirado no livro em cordel de mesmo nome, escrito por Daniela Bento, o curta tem como proposta resgatar o significado da express\u00e3o &#8220;coisa de preto&#8221;, historicamente utilizada de forma pejorativa, e transform\u00e1-la em um manifesto de afirma\u00e7\u00e3o cultural, intelectual e religiosa da popula\u00e7\u00e3o negra brasileira. &#8220;A ideia foi desconstruir a viol\u00eancia simb\u00f3lica contida na frase e mostrar, principalmente para as crian\u00e7as, que coisa de preto \u00e9 ci\u00eancia, \u00e9 cultura, \u00e9 religi\u00e3o, \u00e9 saber ancestral. \u00c9 tamb\u00e9m resist\u00eancia, constru\u00e7\u00e3o de pa\u00eds e de futuro&#8221;, destaca Daniela Bento, autora e roteirista da obra.<\/p>\n\n\n\n<p>A anima\u00e7\u00e3o aborda temas como a demoniza\u00e7\u00e3o das religi\u00f5es de matriz africana, o apagamento hist\u00f3rico das contribui\u00e7\u00f5es de negros e negras no Brasil, a expropria\u00e7\u00e3o cultural, al\u00e9m das condi\u00e7\u00f5es de trabalho impostas \u00e0 popula\u00e7\u00e3o afro-brasileira. Traz ainda refer\u00eancias positivas de figuras negras nos campos da ci\u00eancia, arte, pol\u00edtica e espiritualidade, promovendo uma experi\u00eancia educativa e sens\u00edvel ao p\u00fablico infantil.<\/p>\n\n\n\n<p>Dirigido por P\u00e2mela Peregrino, o curta \u00e9 narrado pela cordelista Izabel Nascimento e conta com tradu\u00e7\u00e3o em Libras (L\u00edngua Brasileira de Sinais), ampliando o acesso ao conte\u00fado por pessoas surdas, com defici\u00eancia auditiva ou com baixo letramento. &#8220;Pensamos uma obra acess\u00edvel e plural, que pudesse alcan\u00e7ar crian\u00e7as de diferentes contextos, respeitando tamb\u00e9m as especificidades de acessibilidade. A arte precisa dialogar com todos e todas, e esse foi um compromisso do in\u00edcio ao fim&#8221;, afirma P\u00e2mela Peregrino, diretora do projeto.<\/p>\n\n\n\n<p>&#8220;Coisa de Preto&#8221; segue em circula\u00e7\u00e3o por festivais e mostras de cinema pelo Brasil, fortalecendo o cinema nordestino e reafirmando o papel da anima\u00e7\u00e3o como ferramenta de educa\u00e7\u00e3o antirracista e valoriza\u00e7\u00e3o das culturas afro-brasileiras.<\/p>\n\n\n\n<p>Da assessoria<\/p>\n","protected":false},"excerpt":{"rendered":"<p>Com roteiro da professora e cordelista Daniela Bento e dire\u00e7\u00e3o de P\u00e2mela Peregrino, o curta-metragem de anima\u00e7\u00e3o &#8220;Coisa de Preto&#8221; ser\u00e1 lan\u00e7ado no dia 19 de maio, \u00e0s 19h, no Teatro Ra\u00edzes Nordestinas, em Po\u00e7o Redondo (SE), a entrada \u00e9 gratuita. A produ\u00e7\u00e3o j\u00e1 foi premiada com Melhor Roteiro no festival Tela Cariri: O Nordeste [&hellip;]<\/p>\n","protected":false},"author":2,"featured_media":7100,"comment_status":"open","ping_status":"open","sticky":false,"template":"","format":"standard","meta":{"footnotes":""},"categories":[13,10],"tags":[],"class_list":["post-7099","post","type-post","status-publish","format-standard","has-post-thumbnail","hentry","category-acontece","category-noticias"],"_links":{"self":[{"href":"https:\/\/espacolivresergipe.com.br\/index.php\/wp-json\/wp\/v2\/posts\/7099","targetHints":{"allow":["GET"]}}],"collection":[{"href":"https:\/\/espacolivresergipe.com.br\/index.php\/wp-json\/wp\/v2\/posts"}],"about":[{"href":"https:\/\/espacolivresergipe.com.br\/index.php\/wp-json\/wp\/v2\/types\/post"}],"author":[{"embeddable":true,"href":"https:\/\/espacolivresergipe.com.br\/index.php\/wp-json\/wp\/v2\/users\/2"}],"replies":[{"embeddable":true,"href":"https:\/\/espacolivresergipe.com.br\/index.php\/wp-json\/wp\/v2\/comments?post=7099"}],"version-history":[{"count":1,"href":"https:\/\/espacolivresergipe.com.br\/index.php\/wp-json\/wp\/v2\/posts\/7099\/revisions"}],"predecessor-version":[{"id":7101,"href":"https:\/\/espacolivresergipe.com.br\/index.php\/wp-json\/wp\/v2\/posts\/7099\/revisions\/7101"}],"wp:featuredmedia":[{"embeddable":true,"href":"https:\/\/espacolivresergipe.com.br\/index.php\/wp-json\/wp\/v2\/media\/7100"}],"wp:attachment":[{"href":"https:\/\/espacolivresergipe.com.br\/index.php\/wp-json\/wp\/v2\/media?parent=7099"}],"wp:term":[{"taxonomy":"category","embeddable":true,"href":"https:\/\/espacolivresergipe.com.br\/index.php\/wp-json\/wp\/v2\/categories?post=7099"},{"taxonomy":"post_tag","embeddable":true,"href":"https:\/\/espacolivresergipe.com.br\/index.php\/wp-json\/wp\/v2\/tags?post=7099"}],"curies":[{"name":"wp","href":"https:\/\/api.w.org\/{rel}","templated":true}]}}