{"id":7205,"date":"2025-05-13T10:15:49","date_gmt":"2025-05-13T13:15:49","guid":{"rendered":"https:\/\/espacolivresergipe.com.br\/?p=7205"},"modified":"2025-05-13T10:15:50","modified_gmt":"2025-05-13T13:15:50","slug":"governo-anuncia-reforma-de-mais-4-mil-moradias-do-programa-novo-lar","status":"publish","type":"post","link":"https:\/\/espacolivresergipe.com.br\/index.php\/2025\/05\/13\/governo-anuncia-reforma-de-mais-4-mil-moradias-do-programa-novo-lar\/","title":{"rendered":"Governo anuncia reforma de mais 4 mil moradias do Programa Novo Lar"},"content":{"rendered":"\n<p>O Governo de Sergipe, atrav\u00e9s da Secretaria de Estado da Assist\u00eancia Social, Inclus\u00e3o e Cidadania (Seasic), realiza, nesta quarta-feira, 14, \u00e0s 15h, na sede da secretaria, o evento de expans\u00e3o do Programa Novo Lar. A solenidade marca a assinatura de dois novos contratos que v\u00e3o permitir a realiza\u00e7\u00e3o de mais 4 mil reformas habitacionais em todas as regi\u00f5es do estado, ampliando o alcance da pol\u00edtica p\u00fablica que j\u00e1 beneficiou 122 fam\u00edlias sergipanas.<\/p>\n\n\n\n<p>Coordenado em parceria com a Secretaria de Estado do Desenvolvimento Urbano e Infraestrutura (Sedurbi), o Novo Lar tem como objetivo promover seguran\u00e7a habitacional e melhores condi\u00e7\u00f5es de vida para fam\u00edlias de baixa renda. As reformas contemplam melhorias estruturais, sanit\u00e1rias e est\u00e9ticas, proporcionando moradias salubres, seguras e dignas.<\/p>\n\n\n\n<p>A partir da assinatura dos novos contratos, duas empresas passam a integrar o programa: a AMT Projetos e Servi\u00e7os LTDA, que atuar\u00e1 na Grande Aracaju e no Leste Sergipano com a meta de 2 mil unidades, e a MKR Constru\u00e7\u00f5es, respons\u00e1vel por outras 2 mil unidades nos territ\u00f3rios do Alto Sert\u00e3o, M\u00e9dio Sert\u00e3o e Baixo S\u00e3o Francisco. A GP Engenharia, que j\u00e1 participa da iniciativa, segue com atua\u00e7\u00e3o nas regi\u00f5es Agreste, Centro-Sul e Sul Sergipano.<\/p>\n\n\n\n<p>Para a secret\u00e1ria de estado da assist\u00eancia social, inclus\u00e3o e cidadania, \u00c9rica Mitidieri, a expans\u00e3o do Novo Lar representa um passo importante na constru\u00e7\u00e3o de um estado mais justo. \u201cA moradia digna \u00e9 um direito humano e uma base essencial para o desenvolvimento das fam\u00edlias. Ampliar o Novo Lar significa levar dignidade, autoestima e qualidade de vida para milhares de sergipanos que vivem em condi\u00e7\u00f5es prec\u00e1rias\u201d, afirma.<\/p>\n\n\n\n<p>Durante o evento, estar\u00e3o presentes representantes das empresas contratadas, equipe t\u00e9cnica da Seasic, benefici\u00e1rios do programa e membros da comunidade. Os munic\u00edpios contemplados nesta nova etapa ser\u00e3o definidos com base em crit\u00e9rios t\u00e9cnicos e sociais, priorizando as \u00e1reas com maior vulnerabilidade.<\/p>\n\n\n\n<p>Com essa expans\u00e3o, a Seasic reafirma seu compromisso com a inclus\u00e3o social e o fortalecimento das pol\u00edticas p\u00fablicas de habita\u00e7\u00e3o, garantindo que cada vez mais fam\u00edlias tenham acesso a um lar digno, seguro e acolhedor.<\/p>\n\n\n\n<p>Foto: Ascom Seasic<\/p>\n","protected":false},"excerpt":{"rendered":"<p>O Governo de Sergipe, atrav\u00e9s da Secretaria de Estado da Assist\u00eancia Social, Inclus\u00e3o e Cidadania (Seasic), realiza, nesta quarta-feira, 14, \u00e0s 15h, na sede da secretaria, o evento de expans\u00e3o do Programa Novo Lar. A solenidade marca a assinatura de dois novos contratos que v\u00e3o permitir a realiza\u00e7\u00e3o de mais 4 mil reformas habitacionais em [&hellip;]<\/p>\n","protected":false},"author":2,"featured_media":7206,"comment_status":"open","ping_status":"open","sticky":false,"template":"","format":"standard","meta":{"footnotes":""},"categories":[11,6,2],"tags":[],"class_list":["post-7205","post","type-post","status-publish","format-standard","has-post-thumbnail","hentry","category-destaque","category-letreiro","category-politica"],"_links":{"self":[{"href":"https:\/\/espacolivresergipe.com.br\/index.php\/wp-json\/wp\/v2\/posts\/7205","targetHints":{"allow":["GET"]}}],"collection":[{"href":"https:\/\/espacolivresergipe.com.br\/index.php\/wp-json\/wp\/v2\/posts"}],"about":[{"href":"https:\/\/espacolivresergipe.com.br\/index.php\/wp-json\/wp\/v2\/types\/post"}],"author":[{"embeddable":true,"href":"https:\/\/espacolivresergipe.com.br\/index.php\/wp-json\/wp\/v2\/users\/2"}],"replies":[{"embeddable":true,"href":"https:\/\/espacolivresergipe.com.br\/index.php\/wp-json\/wp\/v2\/comments?post=7205"}],"version-history":[{"count":1,"href":"https:\/\/espacolivresergipe.com.br\/index.php\/wp-json\/wp\/v2\/posts\/7205\/revisions"}],"predecessor-version":[{"id":7207,"href":"https:\/\/espacolivresergipe.com.br\/index.php\/wp-json\/wp\/v2\/posts\/7205\/revisions\/7207"}],"wp:featuredmedia":[{"embeddable":true,"href":"https:\/\/espacolivresergipe.com.br\/index.php\/wp-json\/wp\/v2\/media\/7206"}],"wp:attachment":[{"href":"https:\/\/espacolivresergipe.com.br\/index.php\/wp-json\/wp\/v2\/media?parent=7205"}],"wp:term":[{"taxonomy":"category","embeddable":true,"href":"https:\/\/espacolivresergipe.com.br\/index.php\/wp-json\/wp\/v2\/categories?post=7205"},{"taxonomy":"post_tag","embeddable":true,"href":"https:\/\/espacolivresergipe.com.br\/index.php\/wp-json\/wp\/v2\/tags?post=7205"}],"curies":[{"name":"wp","href":"https:\/\/api.w.org\/{rel}","templated":true}]}}