{"id":7208,"date":"2025-05-13T10:30:11","date_gmt":"2025-05-13T13:30:11","guid":{"rendered":"https:\/\/espacolivresergipe.com.br\/?p=7208"},"modified":"2025-05-13T10:30:12","modified_gmt":"2025-05-13T13:30:12","slug":"rodrigo-valadares-e-eleito-o-melhor-deputado-federal-de-sergipe-segundo-ranking-dos-politicos","status":"publish","type":"post","link":"https:\/\/espacolivresergipe.com.br\/index.php\/2025\/05\/13\/rodrigo-valadares-e-eleito-o-melhor-deputado-federal-de-sergipe-segundo-ranking-dos-politicos\/","title":{"rendered":"Rodrigo Valadares \u00e9 eleito o melhor deputado federal de Sergipe, segundo Ranking dos Pol\u00edticos"},"content":{"rendered":"\n<p>O deputado federal Rodrigo Valadares (Uni\u00e3o Brasil-SE) foi classificado como o melhor parlamentar de Sergipe na C\u00e2mara dos Deputados, de acordo com a mais recente edi\u00e7\u00e3o do Ranking dos Pol\u00edticos.<\/p>\n\n\n\n<p>A plataforma independente avalia o desempenho dos congressistas com base em crit\u00e9rios como assiduidade, economia de recursos, produtividade legislativa, qualidade dos projetos apresentados e alinhamento com pautas de combate \u00e0 corrup\u00e7\u00e3o e ao desperd\u00edcio de dinheiro p\u00fablico.<\/p>\n\n\n\n<p>Vice-l\u00edder da Oposi\u00e7\u00e3o na C\u00e2mara, Valadares tamb\u00e9m atuou como relator do Projeto de Lei da Anistia na Comiss\u00e3o de Constitui\u00e7\u00e3o e Justi\u00e7a (CCJ). O parlamentar atribui o reconhecimento ao que define como um mandato t\u00e9cnico, combativo \u00e0 corrup\u00e7\u00e3o, fiscalizador dos gastos p\u00fablicos e fiel aos princ\u00edpios que defende.<\/p>\n\n\n\n<p>&#8220;Quero agradecer ao povo de Sergipe por essa conquista. Ser reconhecido como o melhor deputado federal do nosso Estado pelo Ranking dos Pol\u00edticos \u00e9 uma grande honra, mas, acima de tudo, \u00e9 uma responsabilidade ainda maior. Esse resultado \u00e9 fruto de muito trabalho, dedica\u00e7\u00e3o e do compromisso firme com os valores que defendemos: combater a corrup\u00e7\u00e3o, reduzir privil\u00e9gios e lutar por uma gest\u00e3o p\u00fablica mais eficiente&#8221;, agradeceu.<\/p>\n\n\n\n<p>E concluiu. &#8220;Seguiremos firmes, com coragem e coer\u00eancia, representando cada sergipano com seriedade e respeito. Muito obrigado pela confian\u00e7a!&#8221;<\/p>\n\n\n\n<p>Passos Comunica\u00e7\u00e3o<\/p>\n","protected":false},"excerpt":{"rendered":"<p>O deputado federal Rodrigo Valadares (Uni\u00e3o Brasil-SE) foi classificado como o melhor parlamentar de Sergipe na C\u00e2mara dos Deputados, de acordo com a mais recente edi\u00e7\u00e3o do Ranking dos Pol\u00edticos. A plataforma independente avalia o desempenho dos congressistas com base em crit\u00e9rios como assiduidade, economia de recursos, produtividade legislativa, qualidade dos projetos apresentados e alinhamento [&hellip;]<\/p>\n","protected":false},"author":2,"featured_media":7209,"comment_status":"open","ping_status":"open","sticky":false,"template":"","format":"standard","meta":{"footnotes":""},"categories":[12,6,2],"tags":[],"class_list":["post-7208","post","type-post","status-publish","format-standard","has-post-thumbnail","hentry","category-agora","category-letreiro","category-politica"],"_links":{"self":[{"href":"https:\/\/espacolivresergipe.com.br\/index.php\/wp-json\/wp\/v2\/posts\/7208","targetHints":{"allow":["GET"]}}],"collection":[{"href":"https:\/\/espacolivresergipe.com.br\/index.php\/wp-json\/wp\/v2\/posts"}],"about":[{"href":"https:\/\/espacolivresergipe.com.br\/index.php\/wp-json\/wp\/v2\/types\/post"}],"author":[{"embeddable":true,"href":"https:\/\/espacolivresergipe.com.br\/index.php\/wp-json\/wp\/v2\/users\/2"}],"replies":[{"embeddable":true,"href":"https:\/\/espacolivresergipe.com.br\/index.php\/wp-json\/wp\/v2\/comments?post=7208"}],"version-history":[{"count":1,"href":"https:\/\/espacolivresergipe.com.br\/index.php\/wp-json\/wp\/v2\/posts\/7208\/revisions"}],"predecessor-version":[{"id":7210,"href":"https:\/\/espacolivresergipe.com.br\/index.php\/wp-json\/wp\/v2\/posts\/7208\/revisions\/7210"}],"wp:featuredmedia":[{"embeddable":true,"href":"https:\/\/espacolivresergipe.com.br\/index.php\/wp-json\/wp\/v2\/media\/7209"}],"wp:attachment":[{"href":"https:\/\/espacolivresergipe.com.br\/index.php\/wp-json\/wp\/v2\/media?parent=7208"}],"wp:term":[{"taxonomy":"category","embeddable":true,"href":"https:\/\/espacolivresergipe.com.br\/index.php\/wp-json\/wp\/v2\/categories?post=7208"},{"taxonomy":"post_tag","embeddable":true,"href":"https:\/\/espacolivresergipe.com.br\/index.php\/wp-json\/wp\/v2\/tags?post=7208"}],"curies":[{"name":"wp","href":"https:\/\/api.w.org\/{rel}","templated":true}]}}