{"id":7211,"date":"2025-05-13T10:37:35","date_gmt":"2025-05-13T13:37:35","guid":{"rendered":"https:\/\/espacolivresergipe.com.br\/?p=7211"},"modified":"2025-05-13T11:17:44","modified_gmt":"2025-05-13T14:17:44","slug":"escritor-e-servidor-do-poder-judiciario-antonio-camilo-toma-posse-na-academia-sergipana-de-letras","status":"publish","type":"post","link":"https:\/\/espacolivresergipe.com.br\/index.php\/2025\/05\/13\/escritor-e-servidor-do-poder-judiciario-antonio-camilo-toma-posse-na-academia-sergipana-de-letras\/","title":{"rendered":"Escritor e servidor do Poder Judici\u00e1rio, Ant\u00f4nio Camilo toma posse na Academia Sergipana de Letras"},"content":{"rendered":"\n<p>Ant\u00f4nio Camilo \u00e9 o primeiro servidor do TJSE \u2014 n\u00e3o integrante da magistratura \u2014 a ocupar a cadeira de imortal na ASL<\/p>\n\n\n\n<p>A Academia Sergipana de Letras (ASL) ganhou um novo imortal. O escritor, advogado e servidor do Tribunal de Justi\u00e7a de Sergipe, Ant\u00f4nio Camilo, tomou posse na cadeira n\u00ba 9 da institui\u00e7\u00e3o, anteriormente ocupada pelo m\u00e9dico e poeta Jos\u00e9 Abud. A cerim\u00f4nia solene foi realizada no audit\u00f3rio da Universidade Tiradentes (Unit) e reuniu acad\u00eamicos, autoridades, familiares e amigos em uma celebra\u00e7\u00e3o marcante para a cultura sergipana.<\/p>\n\n\n\n<p>Com trajet\u00f3ria iniciada nos anos 1980, Camilo publicou seus primeiros poemas no suplemento Arte e Literatura da Gazeta de Sergipe e na Revista Alvorada, do Instituto Hist\u00f3rico e Geogr\u00e1fico de Sergipe. Desde ent\u00e3o, consolidou uma carreira liter\u00e1ria que alia dedica\u00e7\u00e3o ao servi\u00e7o p\u00fablico com o compromisso com a preserva\u00e7\u00e3o da mem\u00f3ria cultural.<\/p>\n\n\n\n<p>\u00c9 autor de nove obras, incluindo biografias que resgatam a vida e o legado de figuras emblem\u00e1ticas de Sergipe, a exemplo de Antonio Carlos Valadares e Carlos Magalh\u00e3es \u2013 Mag\u00e1. Com sua entrada na ASL, Ant\u00f4nio Camilo torna-se o primeiro servidor do Poder Judici\u00e1rio de Sergipe \u2014 fora dos quadros da magistratura \u2014 a ocupar uma cadeira na institui\u00e7\u00e3o.<\/p>\n\n\n\n<p>Durante seu discurso de posse, Camilo descreveu o momento como a realiza\u00e7\u00e3o de um sonho. &#8220;A gente que milita na \u00e1rea cultural desde 1987 sabe o quanto essa trajet\u00f3ria foi constru\u00edda com dedica\u00e7\u00e3o. Meu sonho sempre foi ser um escritor reconhecido, e nosso Senhor me deu muito mais: uma cadeira na Academia Sergipana de Letras&#8221;, declarou.<\/p>\n\n\n\n<p>O novo acad\u00eamico tamb\u00e9m destacou a responsabilidade simb\u00f3lica de ocupar a vaga deixada por Jos\u00e9 Abud. &#8220;Sob os meus ombros pesa uma grande responsabilidade. Jos\u00e9 Abud era um m\u00e9dico-poeta humanista. Estou preparado para o desafio de manter viva essa cadeira com o mesmo zelo com que ele a honrou&#8221;, afirmou.<\/p>\n\n\n\n<p>O presidente da ASL, Jos\u00e9 Anderson Nascimento, refor\u00e7ou que a elei\u00e7\u00e3o seguiu os tr\u00e2mites previstos pelo estatuto da entidade e destacou a import\u00e2ncia da renova\u00e7\u00e3o. &#8220;A Academia sempre se fortalece com a chegada de novos membros qualificados. A entrada de Ant\u00f4nio Camilo representa a continuidade de uma tradi\u00e7\u00e3o e, ao mesmo tempo, a abertura para novos horizontes&#8221;, pontuou.<\/p>\n\n\n\n<p>Entre os convidados, a presidente do Tribunal de Contas do Estado de Sergipe (TCE\/SE), Susana Azevedo, destacou o simbolismo da ocasi\u00e3o. &#8220;\u00c9 com muita alegria que participamos desse momento. Camilo \u00e9 uma figura querida, respeitada e certamente contribuir\u00e1 de forma significativa com a cultura do nosso estado&#8221;, declarou.<\/p>\n\n\n\n<p>Presente na cerim\u00f4nia, o ministro do Tribunal Superior do Trabalho (TST), Augusto C\u00e9sar Leite, tamb\u00e9m celebrou a posse do novo acad\u00eamico. &#8220;Em qualquer trajet\u00f3ria ligada \u00e0s letras, a Academia Sergipana de Letras \u00e9 o \u00e1pice. Ant\u00f4nio Camilo \u00e9 um nome que faz jus a essa distin\u00e7\u00e3o. Seu trabalho como bi\u00f3grafo \u00e9 esmerado e inteligente, e sua presen\u00e7a certamente enriquecer\u00e1 os debates e a\u00e7\u00f5es da nossa academia&#8221;, afirmou.<\/p>\n\n\n\n<p>A solenidade seguiu os ritos tradicionais da ASL, incluindo a imposi\u00e7\u00e3o da beca e do colar acad\u00eamico, a entrega do diploma e a leitura solene do termo de posse. Em um dos momentos mais emocionantes da tarde, Camilo relembrou sua inf\u00e2ncia, o incentivo dos pais para que valorizasse a educa\u00e7\u00e3o, e homenageou a esposa e os filhos, agradecendo o apoio incondicional da fam\u00edlia ao longo da caminhada.<\/p>\n\n\n\n<p>Ao final, emocionado, reafirmou seu compromisso com a literatura e com o povo sergipano. &#8220;\u00c9 a sensa\u00e7\u00e3o de dever cumprido enquanto escritor. Comecei publicando versos simples e hoje chego at\u00e9 aqui com a certeza de que todo esfor\u00e7o valeu a pena&#8221;, concluiu.<\/p>\n\n\n\n<p>Texto e foto NV Comunica\u00e7\u00e3o<\/p>\n","protected":false},"excerpt":{"rendered":"<p>Ant\u00f4nio Camilo \u00e9 o primeiro servidor do TJSE \u2014 n\u00e3o integrante da magistratura \u2014 a ocupar a cadeira de imortal na ASL A Academia Sergipana de Letras (ASL) ganhou um novo imortal. O escritor, advogado e servidor do Tribunal de Justi\u00e7a de Sergipe, Ant\u00f4nio Camilo, tomou posse na cadeira n\u00ba 9 da institui\u00e7\u00e3o, anteriormente ocupada [&hellip;]<\/p>\n","protected":false},"author":2,"featured_media":7212,"comment_status":"open","ping_status":"open","sticky":false,"template":"","format":"standard","meta":{"footnotes":""},"categories":[13,10],"tags":[],"class_list":["post-7211","post","type-post","status-publish","format-standard","has-post-thumbnail","hentry","category-acontece","category-noticias"],"_links":{"self":[{"href":"https:\/\/espacolivresergipe.com.br\/index.php\/wp-json\/wp\/v2\/posts\/7211","targetHints":{"allow":["GET"]}}],"collection":[{"href":"https:\/\/espacolivresergipe.com.br\/index.php\/wp-json\/wp\/v2\/posts"}],"about":[{"href":"https:\/\/espacolivresergipe.com.br\/index.php\/wp-json\/wp\/v2\/types\/post"}],"author":[{"embeddable":true,"href":"https:\/\/espacolivresergipe.com.br\/index.php\/wp-json\/wp\/v2\/users\/2"}],"replies":[{"embeddable":true,"href":"https:\/\/espacolivresergipe.com.br\/index.php\/wp-json\/wp\/v2\/comments?post=7211"}],"version-history":[{"count":2,"href":"https:\/\/espacolivresergipe.com.br\/index.php\/wp-json\/wp\/v2\/posts\/7211\/revisions"}],"predecessor-version":[{"id":7214,"href":"https:\/\/espacolivresergipe.com.br\/index.php\/wp-json\/wp\/v2\/posts\/7211\/revisions\/7214"}],"wp:featuredmedia":[{"embeddable":true,"href":"https:\/\/espacolivresergipe.com.br\/index.php\/wp-json\/wp\/v2\/media\/7212"}],"wp:attachment":[{"href":"https:\/\/espacolivresergipe.com.br\/index.php\/wp-json\/wp\/v2\/media?parent=7211"}],"wp:term":[{"taxonomy":"category","embeddable":true,"href":"https:\/\/espacolivresergipe.com.br\/index.php\/wp-json\/wp\/v2\/categories?post=7211"},{"taxonomy":"post_tag","embeddable":true,"href":"https:\/\/espacolivresergipe.com.br\/index.php\/wp-json\/wp\/v2\/tags?post=7211"}],"curies":[{"name":"wp","href":"https:\/\/api.w.org\/{rel}","templated":true}]}}