{"id":7215,"date":"2025-05-13T11:25:01","date_gmt":"2025-05-13T14:25:01","guid":{"rendered":"https:\/\/espacolivresergipe.com.br\/?p=7215"},"modified":"2025-05-13T11:25:04","modified_gmt":"2025-05-13T14:25:04","slug":"energisa-leva-servicos-para-o-sergipe-e-aqui-em-sao-francisco","status":"publish","type":"post","link":"https:\/\/espacolivresergipe.com.br\/index.php\/2025\/05\/13\/energisa-leva-servicos-para-o-sergipe-e-aqui-em-sao-francisco\/","title":{"rendered":"Energisa leva servi\u00e7os para o \u201cSergipe \u00e9 Aqui\u201d em S\u00e3o Francisco"},"content":{"rendered":"\n<p>A Energisa Sergipe participar\u00e1 de mais uma edi\u00e7\u00e3o do \u2018Sergipe \u00e9 Aqui, a\u00e7\u00e3o do Governo de Sergipe, que acontecer\u00e1 na nesta ter\u00e7a-feira, 13, no munic\u00edpio de S\u00e3o Francisco. Durante evento, a popula\u00e7\u00e3o pode acessar os servi\u00e7os de cadastro no programa tarifa social, recadastramento da tarifa rural, mudan\u00e7a de titularidade, negocia\u00e7\u00e3o de d\u00e9bitos, entre outros servi\u00e7os. A a\u00e7\u00e3o acontecer\u00e1 a partir das 8h na Escola Municipal Leandro Maciel.<\/p>\n\n\n\n<p>&nbsp;\u201cEstamos participando de mais uma edi\u00e7\u00e3o do Sergipe \u00e9 Aqui levando os nossos servi\u00e7os para a popula\u00e7\u00e3o. O nosso objetivo \u00e9 estar cada vez mais perto dos nossos clientes que podem procurar a tenda da distribuidora com o documento de identidade e unidade consumidora para ser atendido no servi\u00e7o desejado\u201d, afirma o coordenador comercial da Energisa em Sergipe, Francis Guimar\u00e3es.<\/p>\n\n\n\n<p>Um dos servi\u00e7os oferecidos \u00e9 a negocia\u00e7\u00e3o de d\u00e9bitos. Os clientes com mais uma fatura em aberto podem realizar a negocia\u00e7\u00e3o no stand da Energisa com condi\u00e7\u00f5es especiais. Al\u00e9m disso, os clientes rurais irrigantes e aquicultores podem realizar o recadastramento da Tarifa Rural que concede descontos na conta de energia.<\/p>\n\n\n\n<p>Para receber o subs\u00eddio na fatura de energia, \u00e9 preciso que o im\u00f3vel esteja localizado na \u00e1rea rural e que o titular da conta comprove o v\u00ednculo com a atividade rural.&nbsp; O produtor tamb\u00e9m deve apresentar os documentos que comprovem a sua atividade rural. Esse cadastro precisa ser atualizado a cada dois anos. No momento do cadastro, o cliente precisa apresentar o documento emitido por entidade representativa que comprove v\u00ednculo rural. No caso de produtores, deve ser apresentada a atividade desenvolvida com o c\u00f3digo CNAE, bem como licenciamento ambiental e\/ou outorga de utiliza\u00e7\u00e3o dos recursos h\u00eddricos.<\/p>\n\n\n\n<p>Aplicativo Energisa On (dispon\u00edvel no Google Play ou App Store do celular)<\/p>\n\n\n\n<p>Site:energisa.com.br<\/p>\n\n\n\n<p>Texto e Foto Adriana Freitas<\/p>\n","protected":false},"excerpt":{"rendered":"<p>A Energisa Sergipe participar\u00e1 de mais uma edi\u00e7\u00e3o do \u2018Sergipe \u00e9 Aqui, a\u00e7\u00e3o do Governo de Sergipe, que acontecer\u00e1 na nesta ter\u00e7a-feira, 13, no munic\u00edpio de S\u00e3o Francisco. Durante evento, a popula\u00e7\u00e3o pode acessar os servi\u00e7os de cadastro no programa tarifa social, recadastramento da tarifa rural, mudan\u00e7a de titularidade, negocia\u00e7\u00e3o de d\u00e9bitos, entre outros servi\u00e7os. [&hellip;]<\/p>\n","protected":false},"author":2,"featured_media":7216,"comment_status":"open","ping_status":"open","sticky":false,"template":"","format":"standard","meta":{"footnotes":""},"categories":[12,4],"tags":[],"class_list":["post-7215","post","type-post","status-publish","format-standard","has-post-thumbnail","hentry","category-agora","category-economia"],"_links":{"self":[{"href":"https:\/\/espacolivresergipe.com.br\/index.php\/wp-json\/wp\/v2\/posts\/7215","targetHints":{"allow":["GET"]}}],"collection":[{"href":"https:\/\/espacolivresergipe.com.br\/index.php\/wp-json\/wp\/v2\/posts"}],"about":[{"href":"https:\/\/espacolivresergipe.com.br\/index.php\/wp-json\/wp\/v2\/types\/post"}],"author":[{"embeddable":true,"href":"https:\/\/espacolivresergipe.com.br\/index.php\/wp-json\/wp\/v2\/users\/2"}],"replies":[{"embeddable":true,"href":"https:\/\/espacolivresergipe.com.br\/index.php\/wp-json\/wp\/v2\/comments?post=7215"}],"version-history":[{"count":1,"href":"https:\/\/espacolivresergipe.com.br\/index.php\/wp-json\/wp\/v2\/posts\/7215\/revisions"}],"predecessor-version":[{"id":7217,"href":"https:\/\/espacolivresergipe.com.br\/index.php\/wp-json\/wp\/v2\/posts\/7215\/revisions\/7217"}],"wp:featuredmedia":[{"embeddable":true,"href":"https:\/\/espacolivresergipe.com.br\/index.php\/wp-json\/wp\/v2\/media\/7216"}],"wp:attachment":[{"href":"https:\/\/espacolivresergipe.com.br\/index.php\/wp-json\/wp\/v2\/media?parent=7215"}],"wp:term":[{"taxonomy":"category","embeddable":true,"href":"https:\/\/espacolivresergipe.com.br\/index.php\/wp-json\/wp\/v2\/categories?post=7215"},{"taxonomy":"post_tag","embeddable":true,"href":"https:\/\/espacolivresergipe.com.br\/index.php\/wp-json\/wp\/v2\/tags?post=7215"}],"curies":[{"name":"wp","href":"https:\/\/api.w.org\/{rel}","templated":true}]}}