{"id":7218,"date":"2025-05-13T11:36:04","date_gmt":"2025-05-13T14:36:04","guid":{"rendered":"https:\/\/espacolivresergipe.com.br\/?p=7218"},"modified":"2025-05-13T11:36:05","modified_gmt":"2025-05-13T14:36:05","slug":"ufs-inicia-licitacao-para-climatizacao-do-resun-do-campus-de-sao-cristovao","status":"publish","type":"post","link":"https:\/\/espacolivresergipe.com.br\/index.php\/2025\/05\/13\/ufs-inicia-licitacao-para-climatizacao-do-resun-do-campus-de-sao-cristovao\/","title":{"rendered":"UFS inicia licita\u00e7\u00e3o para climatiza\u00e7\u00e3o do Resun do campus de S\u00e3o Crist\u00f3v\u00e3o"},"content":{"rendered":"\n<p>A Universidade Federal de Sergipe (UFS) deu in\u00edcio ao processo de licita\u00e7\u00e3o para a primeira etapa da obra de climatiza\u00e7\u00e3o do Restaurante Universit\u00e1rio (Resun), localizado no campus de S\u00e3o Crist\u00f3v\u00e3o. A iniciativa atende a uma antiga demanda da comunidade acad\u00eamica e visa proporcionar maior conforto t\u00e9rmico para estudantes, servidores e demais usu\u00e1rios do espa\u00e7o, especialmente nos per\u00edodos de altas temperaturas.<\/p>\n\n\n\n<p>O edital, j\u00e1 publicado, prev\u00ea a contrata\u00e7\u00e3o de empresa especializada para a execu\u00e7\u00e3o do projeto, com valor total estimado em aproximadamente R$ 708 mil. A sess\u00e3o p\u00fablica para o recebimento das propostas est\u00e1 marcada para a manh\u00e3 desta ter\u00e7a-feira, 13.<\/p>\n\n\n\n<p>Para o reitor da UFS, professor Andr\u00e9 Maur\u00edcio, a obra \u00e9 prioridade da atual gest\u00e3o. \u201cIsso foi falado durante todo o processo da nossa campanha. A primeira coisa que fizemos enquanto gest\u00e3o foi buscar a maior celeridade poss\u00edvel para o processo de licita\u00e7\u00e3o. Essa etapa inicial foi realizada em tempo recorde e agora aguardamos as propostas das empresas para dar in\u00edcio \u00e0 obra\u201d, destacou. Segundo ele, a climatiza\u00e7\u00e3o do Resun \u00e9 mais do que uma quest\u00e3o de conforto: \u00e9 uma necessidade para garantir condi\u00e7\u00f5es adequadas de alimenta\u00e7\u00e3o \u00e0 comunidade.<\/p>\n\n\n\n<p>Al\u00e9m disso, a climatiza\u00e7\u00e3o dos restaurantes universit\u00e1rios est\u00e1 sendo pensada de forma conjunta tamb\u00e9m em outros campi. \u201cNesta semana, estivemos tamb\u00e9m em Itabaiana com a equipe de obras, com o objetivo de agilizar a licita\u00e7\u00e3o para a climatiza\u00e7\u00e3o do restaurante do campus. \u00c9 um compromisso nosso com toda a universidade\u201d, completou o reitor.<\/p>\n\n\n\n<p>A vice-reitora, professora Silvana Bretas, refor\u00e7a que a obra est\u00e1 alinhada ao compromisso da gest\u00e3o em promover melhores condi\u00e7\u00f5es de perman\u00eancia estudantil. \u201c\u00c9 uma reivindica\u00e7\u00e3o muito antiga dos nossos estudantes. Um ambiente mais agrad\u00e1vel e saud\u00e1vel \u00e9 essencial. E essa a\u00e7\u00e3o vem acompanhada de outras iniciativas, como a amplia\u00e7\u00e3o do consumo de produtos da agricultura familiar no restaurante, o que contribui para a qualidade da alimenta\u00e7\u00e3o e o fortalecimento da economia local\u201d, pontuou.<\/p>\n\n\n\n<p>A previs\u00e3o \u00e9 de que, ap\u00f3s a sele\u00e7\u00e3o da empresa vencedora, as obras tenham in\u00edcio o mais breve poss\u00edvel, respeitando os prazos legais e as etapas previstas no edital. \u00c9 poss\u00edvel ter acesso ao documento no link abaixo.<\/p>\n\n\n\n<p>Ascom UFS &#8211; Foto: Arquivo Ascom UFS<\/p>\n","protected":false},"excerpt":{"rendered":"<p>A Universidade Federal de Sergipe (UFS) deu in\u00edcio ao processo de licita\u00e7\u00e3o para a primeira etapa da obra de climatiza\u00e7\u00e3o do Restaurante Universit\u00e1rio (Resun), localizado no campus de S\u00e3o Crist\u00f3v\u00e3o. A iniciativa atende a uma antiga demanda da comunidade acad\u00eamica e visa proporcionar maior conforto t\u00e9rmico para estudantes, servidores e demais usu\u00e1rios do espa\u00e7o, especialmente [&hellip;]<\/p>\n","protected":false},"author":2,"featured_media":7219,"comment_status":"open","ping_status":"open","sticky":false,"template":"","format":"standard","meta":{"footnotes":""},"categories":[13],"tags":[],"class_list":["post-7218","post","type-post","status-publish","format-standard","has-post-thumbnail","hentry","category-acontece"],"_links":{"self":[{"href":"https:\/\/espacolivresergipe.com.br\/index.php\/wp-json\/wp\/v2\/posts\/7218","targetHints":{"allow":["GET"]}}],"collection":[{"href":"https:\/\/espacolivresergipe.com.br\/index.php\/wp-json\/wp\/v2\/posts"}],"about":[{"href":"https:\/\/espacolivresergipe.com.br\/index.php\/wp-json\/wp\/v2\/types\/post"}],"author":[{"embeddable":true,"href":"https:\/\/espacolivresergipe.com.br\/index.php\/wp-json\/wp\/v2\/users\/2"}],"replies":[{"embeddable":true,"href":"https:\/\/espacolivresergipe.com.br\/index.php\/wp-json\/wp\/v2\/comments?post=7218"}],"version-history":[{"count":1,"href":"https:\/\/espacolivresergipe.com.br\/index.php\/wp-json\/wp\/v2\/posts\/7218\/revisions"}],"predecessor-version":[{"id":7220,"href":"https:\/\/espacolivresergipe.com.br\/index.php\/wp-json\/wp\/v2\/posts\/7218\/revisions\/7220"}],"wp:featuredmedia":[{"embeddable":true,"href":"https:\/\/espacolivresergipe.com.br\/index.php\/wp-json\/wp\/v2\/media\/7219"}],"wp:attachment":[{"href":"https:\/\/espacolivresergipe.com.br\/index.php\/wp-json\/wp\/v2\/media?parent=7218"}],"wp:term":[{"taxonomy":"category","embeddable":true,"href":"https:\/\/espacolivresergipe.com.br\/index.php\/wp-json\/wp\/v2\/categories?post=7218"},{"taxonomy":"post_tag","embeddable":true,"href":"https:\/\/espacolivresergipe.com.br\/index.php\/wp-json\/wp\/v2\/tags?post=7218"}],"curies":[{"name":"wp","href":"https:\/\/api.w.org\/{rel}","templated":true}]}}