{"id":7439,"date":"2025-05-15T07:50:34","date_gmt":"2025-05-15T10:50:34","guid":{"rendered":"https:\/\/espacolivresergipe.com.br\/?p=7439"},"modified":"2025-05-15T07:50:35","modified_gmt":"2025-05-15T10:50:35","slug":"fogo-amigo-e-o-principal-adversario-de-edvaldo-nogueira","status":"publish","type":"post","link":"https:\/\/espacolivresergipe.com.br\/index.php\/2025\/05\/15\/fogo-amigo-e-o-principal-adversario-de-edvaldo-nogueira\/","title":{"rendered":"Fogo amigo \u00e9 o principal advers\u00e1rio de Edvaldo Nogueira"},"content":{"rendered":"\n<p><em>Por Adiberto de Souza<\/em>&nbsp;*<\/p>\n\n\n\n<p>Mesmo que seja indicado candidato ao Senado pelo bloco governista, o ex-prefeito de Aracaju, Edvaldo Nogueira (PDT), ter\u00e1 contra ele o discurso dos pr\u00f3prios aliados, comportamento tamb\u00e9m conhecido como fogo amigo. Prova disso s\u00e3o as farpas que os correligion\u00e1rios vivem lan\u00e7ando contra o distinto. Na semana passada, por exemplo, tentaram jog\u00e1-lo contra o governador F\u00e1bio Mitidieri (PSD), ao divulgarem que ele poderia disputar o governo com o apoio do prefeito de Itabaiana, Valmir de Francisquinho (PL), principal advers\u00e1rio do gestor pessedista. De t\u00e3o descabida, a lorota foi logo desmascarada, por\u00e9m evidenciou que tem muita gente interessada em queimar o ex-prefeito. Nos bastidores n\u00e3o falta quem culpe Edvaldo pela derrota dos governistas nas elei\u00e7\u00f5es de 2024 em Aracaju, sem falar que alguns aliados de Mitidieri n\u00e3o escondem a insatisfa\u00e7\u00e3o com a pr\u00e9-candidatura majorit\u00e1ria do pedetista. Portanto, se quiser mesmo consolidar seu projeto para disputar uma cadeira no Senado, o ex-prefeito ter\u00e1 primeiro que tirar do caminho os aliados que est\u00e3o lhe queimando por baixo dos panos, tal qual fogo de monturo.&nbsp;<em>Marminino!<\/em><\/p>\n\n\n\n<p><strong>Cad\u00ea o reajuste?<\/strong><\/p>\n\n\n\n<p>O deputado estadual Georgeo Passos (Cidadania) est\u00e1 cobrando do governo Mitidieri o reajuste salarial do funcionalismo p\u00fablico. O cidadanista lembra que o Poder Judici\u00e1rio, o Minist\u00e9rio P\u00fablico e a Assembleia j\u00e1 concederam o reajuste aos servidores esse ano, por\u00e9m o Executivo n\u00e3o concedeu ainda nem a recomposi\u00e7\u00e3o inflacion\u00e1ria. Comenta-se nos corredores do Pal\u00e1cio que se tiver que reajustar os sal\u00e1rios, F\u00e1bio Mitidieri s\u00f3 o far\u00e1 no segundo semestre. No m\u00eas passado, o Jornal Folha de S. Paulo publicou que o governo de Sergipe n\u00e3o pretende conceder reajuste salarial este ano para manter o estado dentro dos limites prudenciais da Lei de Responsabilidade Fiscal.&nbsp;<em>Home v\u00f4te!<\/em><\/p>\n\n\n\n<p><strong>Gilvan deixa a Atalaia<\/strong><\/p>\n\n\n\n<p>Ap\u00f3s d\u00e9cadas atuando como \u00e2ncora da TV Atalaia, o jornalista Gilvan Fontes est\u00e1 deixando a telinha da emissora afiliada da Record. Para substitu\u00ed-lo, a TV contratou Marcelle Mosso, jornalista vinda do SBT da Para\u00edba. A dire\u00e7\u00e3o da Atalaia aposta na nova contrata\u00e7\u00e3o para manter a qualidade e a confian\u00e7a conquistadas junto \u00e0 audi\u00eancia sergipana. Considerado uma das maiores refer\u00eancias do jornalismo local, Gilvan deixa um legado marcado por credibilidade, compromisso com a informa\u00e7\u00e3o e respeito ao p\u00fablico. Antes de ingressar na TV Atalaia, Gilvan Fontes foi \u00e2ncora da TV Sergipe por muitos anos.&nbsp;<em>Boa sorte, amigo!<\/em><\/p>\n\n\n\n<p><strong>Ministro na terrinha<\/strong><\/p>\n\n\n\n<p>O ministro do Esporte, Andr\u00e9 Fufuca, prestigia, hoje em Aracaju, a inaugura\u00e7\u00e3o das novas instala\u00e7\u00f5es do Centro Nacional de Treinamento de Gin\u00e1stica R\u00edtmica. Sob a responsabilidade do governo de Sergipe, a reforma daquele espa\u00e7o esportivo incluiu a renova\u00e7\u00e3o das \u00e1reas de treino e moderniza\u00e7\u00e3o dos equipamentos. Tamb\u00e9m foi ampliado o vesti\u00e1rio feminino, com implanta\u00e7\u00e3o de hidromassagem e tratamento das atletas, al\u00e9m de constru\u00eddas salas m\u00e9dica, de reuni\u00e3o e administra\u00e7\u00e3o. A cozinha do Centro foi melhorada e foram instalados 12 equipamentos de ar-condicionado. No \u00faltimo s\u00e1bado, as ginastas da Sele\u00e7\u00e3o Brasileira de Conjunto conquistaram em Portugal a medalha de ouro no all-around.&nbsp;<em>Supimpa!<\/em><\/p>\n\n\n<div class=\"wp-block-image\">\n<figure class=\"alignright\"><a href=\"https:\/\/www.destaquenoticias.com.br\/wp-content\/uploads\/2025\/05\/glicia-salmeron.jpg\"><img decoding=\"async\" src=\"https:\/\/www.destaquenoticias.com.br\/wp-content\/uploads\/2025\/05\/glicia-salmeron-300x203.jpg\" alt=\"\" class=\"wp-image-105445\"\/><\/a><\/figure><\/div>\n\n\n<p><strong>Abaixo a viol\u00eancia<\/strong><\/p>\n\n\n\n<p>A Assembleia Legislativa promoveu, ontem, uma Audi\u00eancia P\u00fablica para marcar a passagem do Dia Nacional de Combate ao Abuso e \u00e0 Explora\u00e7\u00e3o Sexual de Crian\u00e7as e Adolescentes, a ser celebrado no pr\u00f3ximo domingo. Uma das palestrantes, a advogada e professora Glicia Salmeron disse que este momento deve servir para renovar o compromisso com a prote\u00e7\u00e3o integral de crian\u00e7as e adolescentes. Ela lamentou que, mesmo ap\u00f3s d\u00e9cadas de mobiliza\u00e7\u00e3o, os casos de viol\u00eancia, especialmente os que ocorrem dentro da pr\u00f3pria fam\u00edlia, ainda estejam em crescimento. J\u00e1 o professor e delegado de pol\u00edcia Ronaldo Marinho defendeu que o enfrentamento da viol\u00eancia contra crian\u00e7as e adolescentes precisa ser encarado como uma quest\u00e3o de responsabilidade p\u00fablica.&nbsp;<em>Aff Maria!<\/em><\/p>\n\n\n\n<p><strong>Queimando lenha<\/strong><\/p>\n\n\n\n<p>Com o botij\u00e3o de g\u00e1s sendo vendido em Aracaju por at\u00e9 R$ 120,00 tem crescido o n\u00famero de fam\u00edlias usando o prec\u00e1rio e poluente fog\u00e3o a lenha. Muita gente tamb\u00e9m arrisca a vida utilizando \u00e1lcool para cozinhar o pouco de comida que consegue. N\u00e3o bastasse as dificuldades para adquirir algum alimento, os deserdados pela sorte ainda t\u00eam que se virar nos trinta para cozinha-lo. Enquanto isso, os pol\u00edticos se empanturram em caros restaurantes, tudo custeado pelos contribuintes.&nbsp;<em>Arre \u00e9gua!<\/em><\/p>\n\n\n\n<p><strong>Pol\u00edticos sujos<\/strong><\/p>\n\n\n\n<p>A cada dia, cresce o n\u00famero de pol\u00edticos envolvidos com todo tipo de crimes, em especial o do colarinho branco. Percebe-se que, em grande parte, os nossos pol\u00edticos t\u00eam uma grande inclina\u00e7\u00e3o pela p\u00e1gina policial, embora se achem dignos representantes dos cidad\u00e3os. Na verdade, s\u00e3o criminosos que n\u00e3o merecem os votos das pessoas honestas. Deveriam, isto sim, estar mofando numa penitenci\u00e1ria. Por fim, n\u00e3o custa lembrar que quem vota em pol\u00edtico ficha suja \u00e9 t\u00e3o imundo quanto o indigitado.&nbsp;<em>Miseric\u00f3rdia!<\/em><\/p>\n\n\n\n<p><strong>Semana do MEI<\/strong><\/p>\n\n\n\n<p>O Sebrae Sergipe vai promover, de 26 a 30 deste m\u00eas, a Semana do MEI 2025, um dos eventos mais aguardados por quem deseja empreender, se formalizar ou fortalecer o pr\u00f3prio neg\u00f3cio. A iniciativa ser\u00e1 realizada em Aracaju, Lagarto, Nossa Senhora da Gl\u00f3ria, Itabaiana, Propri\u00e1 e Est\u00e2ncia. A Semana do MEI vai oferecer uma s\u00e9rie de atividades pr\u00e1ticas, incluindo palestras, oficinas, orienta\u00e7\u00f5es t\u00e9cnicas e atendimentos personalizados. Segundo a superintendente do Sebrae Sergipe, Priscila Felizola, o principal objetivo da Semana \u00e9 estimular a formaliza\u00e7\u00e3o de novos neg\u00f3cios, al\u00e9m de capacitar quem j\u00e1 atua como MEI.&nbsp;<em>Ah, bom!<\/em><\/p>\n\n\n\n<p><strong>Cal\u00e7adas mal cuidadas<\/strong><\/p>\n\n\n\n<p>E quem sempre reclama da m\u00e1 conserva\u00e7\u00e3o das cal\u00e7adas de Aracaju \u00e9 o vereador Breno Garibalde (Rede). Segundo ele, \u00e9 quase imposs\u00edvel andar por elas, principalmente se voc\u00ea \u00e9 idoso, est\u00e1 levando carrinho de beb\u00ea, tem mobilidade reduzida ou possui alguma defici\u00eancia. Por causa da falta de manuten\u00e7\u00e3o das cal\u00e7adas, \u201cas pessoas andam na rua, ao lado do meio fio. Isso \u00e9 grave e precisa mudar\u201d, alerta. E \u00e9 grande o n\u00famero de pedestres que se arriscam nas mal cuidadas cal\u00e7adas da capital: conforme estudo do Sindicato das Empresas de \u00f4nibus, 70% da popula\u00e7\u00e3o de Aracaju anda a p\u00e9 e utiliza transporte p\u00fablico.&nbsp;<em>S\u00f3 Jesus na causa!<\/em><\/p>\n\n\n\n<p><strong>Amea\u00e7a de morte<\/strong><\/p>\n\n\n\n<p>O senador Alessandro Vieira (MDB) se solidarizou com a deputada estadual Linda Brasil (Psol) ap\u00f3s ela ter ido \u00e0 Pol\u00edcia denunciar as sucessivas amea\u00e7as de morte que tem recebido via redes sociais. Delegado por forma\u00e7\u00e3o, o parlamentar emedebista tamb\u00e9m cobrou provid\u00eancias urgentes para identificar e punir duramente os criminosos. \u201c\u00c9 inaceit\u00e1vel que qualquer pessoa seja agredida ou amea\u00e7ada por conta do preconceito, infelizmente comum no nosso Brasil\u201d, afirmou Alessandro. De 2023 pra c\u00e1, Linda j\u00e1 recebeu mais de 120 mensagens de amea\u00e7as, inj\u00farias e discursos de \u00f3dio, sem que as investiga\u00e7\u00f5es policiais tivessem chegado nem perto dos autores.&nbsp;<em>Creindeuspai!<\/em><\/p>\n\n\n\n<p><strong>Recorte de jornal<\/strong><\/p>\n\n\n<div class=\"wp-block-image\">\n<figure class=\"alignleft\"><a href=\"https:\/\/www.destaquenoticias.com.br\/wp-content\/uploads\/2025\/05\/cavaram-uma-botija-a-tribuna-aracaju-31-de-outubro-de-1931.jpg\"><img decoding=\"async\" src=\"https:\/\/www.destaquenoticias.com.br\/wp-content\/uploads\/2025\/05\/cavaram-uma-botija-a-tribuna-aracaju-31-de-outubro-de-1931-254x300.jpg\" alt=\"\" class=\"wp-image-105446\"\/><\/a><\/figure><\/div>\n\n\n<p><\/p>\n\n\n\n<p><\/p>\n\n\n\n<p><\/p>\n\n\n\n<p><\/p>\n\n\n\n<p><\/p>\n\n\n\n<p><\/p>\n\n\n\n<p>Publicado no jornal A Tribuna Aracaju, em 31 de outubro de 1931.<\/p>\n\n\n\n<p>Esta coluna \u00e9 publicada pelos seguintes sites:&nbsp;<a href=\"https:\/\/www.destaquenoticias.com.br\/\">&nbsp;Destaquenot\u00edcias<\/a>,&nbsp;<a href=\"https:\/\/infonet.com.br\/\">Infonet<\/a>,&nbsp;<a href=\"https:\/\/www.faxaju.com.br\/\">Faxaju<\/a>,&nbsp;<a href=\"https:\/\/www.luxoaju.com\/\">Luxoaju<\/a>,&nbsp;<a href=\"https:\/\/leiamaisba.com.br\/\">Leiamaisba<\/a>,<a href=\"http:\/\/espacolivrenoticias.com.br\/\">&nbsp;Espa\u00e7o Livre<\/a>, Aracaju Magazine e no jornal online Zona Livre.<\/p>\n\n\n\n<p>*&nbsp;<em>\u00c9 editor do Portal Destaquenot\u00edcias<\/em><\/p>\n","protected":false},"excerpt":{"rendered":"<p>Por Adiberto de Souza&nbsp;* Mesmo que seja indicado candidato ao Senado pelo bloco governista, o ex-prefeito de Aracaju, Edvaldo Nogueira (PDT), ter\u00e1 contra ele o discurso dos pr\u00f3prios aliados, comportamento tamb\u00e9m conhecido como fogo amigo. Prova disso s\u00e3o as farpas que os correligion\u00e1rios vivem lan\u00e7ando contra o distinto. Na semana passada, por exemplo, tentaram jog\u00e1-lo [&hellip;]<\/p>\n","protected":false},"author":2,"featured_media":7440,"comment_status":"open","ping_status":"open","sticky":false,"template":"","format":"standard","meta":{"footnotes":""},"categories":[14],"tags":[],"class_list":["post-7439","post","type-post","status-publish","format-standard","has-post-thumbnail","hentry","category-politica-e-cotidiano"],"_links":{"self":[{"href":"https:\/\/espacolivresergipe.com.br\/index.php\/wp-json\/wp\/v2\/posts\/7439","targetHints":{"allow":["GET"]}}],"collection":[{"href":"https:\/\/espacolivresergipe.com.br\/index.php\/wp-json\/wp\/v2\/posts"}],"about":[{"href":"https:\/\/espacolivresergipe.com.br\/index.php\/wp-json\/wp\/v2\/types\/post"}],"author":[{"embeddable":true,"href":"https:\/\/espacolivresergipe.com.br\/index.php\/wp-json\/wp\/v2\/users\/2"}],"replies":[{"embeddable":true,"href":"https:\/\/espacolivresergipe.com.br\/index.php\/wp-json\/wp\/v2\/comments?post=7439"}],"version-history":[{"count":1,"href":"https:\/\/espacolivresergipe.com.br\/index.php\/wp-json\/wp\/v2\/posts\/7439\/revisions"}],"predecessor-version":[{"id":7441,"href":"https:\/\/espacolivresergipe.com.br\/index.php\/wp-json\/wp\/v2\/posts\/7439\/revisions\/7441"}],"wp:featuredmedia":[{"embeddable":true,"href":"https:\/\/espacolivresergipe.com.br\/index.php\/wp-json\/wp\/v2\/media\/7440"}],"wp:attachment":[{"href":"https:\/\/espacolivresergipe.com.br\/index.php\/wp-json\/wp\/v2\/media?parent=7439"}],"wp:term":[{"taxonomy":"category","embeddable":true,"href":"https:\/\/espacolivresergipe.com.br\/index.php\/wp-json\/wp\/v2\/categories?post=7439"},{"taxonomy":"post_tag","embeddable":true,"href":"https:\/\/espacolivresergipe.com.br\/index.php\/wp-json\/wp\/v2\/tags?post=7439"}],"curies":[{"name":"wp","href":"https:\/\/api.w.org\/{rel}","templated":true}]}}