{"id":7626,"date":"2025-05-16T10:01:18","date_gmt":"2025-05-16T13:01:18","guid":{"rendered":"https:\/\/espacolivresergipe.com.br\/?p=7626"},"modified":"2025-05-16T10:01:20","modified_gmt":"2025-05-16T13:01:20","slug":"prefeitura-de-aracaju-celebra-o-dia-do-gari-com-homenagens-e-historias-inspiradoras","status":"publish","type":"post","link":"https:\/\/espacolivresergipe.com.br\/index.php\/2025\/05\/16\/prefeitura-de-aracaju-celebra-o-dia-do-gari-com-homenagens-e-historias-inspiradoras\/","title":{"rendered":"Prefeitura de Aracaju celebra o Dia do Gari com homenagens e hist\u00f3rias inspiradoras"},"content":{"rendered":"\n<p>Neste 16 de maio, Dia do Gari, a Prefeitura de Aracaju, por meio da Empresa Municipal de Servi\u00e7os Urbanos (Emsurb) presta homenagem aos agentes de limpeza que, com dedica\u00e7\u00e3o e esfor\u00e7o, garantem a manuten\u00e7\u00e3o e a beleza das ruas, pra\u00e7as e praias da cidade. Por meio de suas hist\u00f3rias, esses profissionais mostram o valor e a import\u00e2ncia do trabalho que realizam diariamente, enfrentando desafios e transformando vidas.<\/p>\n\n\n\n<p>Um futuro melhor<\/p>\n\n\n\n<p>A margarida Maely Carvalho dos Santos, 23 anos, atua no servi\u00e7o de capina\u00e7\u00e3o h\u00e1 seis meses e destaca a relev\u00e2ncia de sua profiss\u00e3o, al\u00e9m dos motivos que a levam a exerc\u00ea-la. \u201cSer uma margarida \u00e9 muito mais do que um trabalho, \u00e9 um orgulho para mim. Cada rua que limpo, cada pra\u00e7a que cuido, sei que estou deixando a cidade mais bonita e melhor para todos\u201d.<\/p>\n\n\n\n<p>Esse trabalho, que muitas vezes passa despercebido, \u00e9 essencial, especialmente para ela, que busca oferecer um futuro melhor para sua filha. \u201cGra\u00e7as a esse trabalho, consigo dar um futuro melhor para minha pequena. Ser exemplo, colocar comida na mesa e, no futuro, pagar os estudos dela, isso n\u00e3o tem pre\u00e7o. Fa\u00e7o por amor a ela e sei que estou fazendo a diferen\u00e7a na vida de outras pessoas tamb\u00e9m\u201d, refletiu Maely, emocionada.<\/p>\n\n\n\n<p>O trabalho dos garis<\/p>\n\n\n\n<p>De sol a sol, os garis enfrentam diversos desafios: chuva, calor e cansa\u00e7o f\u00edsico. Suas jornadas come\u00e7am cedo, como tamb\u00e9m, no caso de J\u00falio Cesar Santos Farias, 37 anos, que trabalha como gari h\u00e1 seis anos, atuando na coleta domiciliar de Aracaju.<\/p>\n\n\n\n<p>Ele conta que, por meio de seu trabalho, conseguiu construir sua fam\u00edlia e se tornar um provedor em muitos aspectos. Sobre sua profiss\u00e3o, J\u00falio compartilha: \u201cTenho muito orgulho do que fa\u00e7o diariamente pela cidade. Enquanto eu tiver disposi\u00e7\u00e3o, continuarei coletando e contribuindo para manter a cidade limpa, evitando problema para a sa\u00fade p\u00fablica\u201d, afirmou o pai de fam\u00edlia, como autodenomina, e enxerga sua ocupa\u00e7\u00e3o como muito mais do que um simples trabalho.<\/p>\n\n\n\n<p>Para o jovem Rones Fontes Macedo, 28 anos, que trabalha como coletor h\u00e1 oito anos, o servi\u00e7o \u00e9 um verdadeiro ato de servir ao pr\u00f3ximo. Sempre motivado, ele destaca a satisfa\u00e7\u00e3o de trabalhar para a popula\u00e7\u00e3o e ao lado de seus colegas. \u201cTodos merecem ter uma cidade limpa. Em Aracaju, n\u00e3o poderia ser diferente. \u00c9 muito gratificante saber que estamos limpando para o povo e, de alguma forma, ajudando para que todos se sintam satisfeitos\u201d, celebrou.<\/p>\n\n\n\n<p>Uma homenagem merecida<\/p>\n\n\n\n<p>O presidente da Emsurb, Hugo Esoj, destacou a import\u00e2ncia desses profissionais e os homenageou pelo Dia do Gari: \u201cCada rua limpa, cada pra\u00e7a bem cuidada, cada bairro organizado \u00e9 um reflexo do compromisso e da dedica\u00e7\u00e3o dos agentes de limpeza, que enfrentam os desafios di\u00e1rios para garantir o bem-estar de todos n\u00f3s.<\/p>\n\n\n\n<p>\u201cO trabalho deles n\u00e3o \u00e9 apenas essencial; \u00e9 transformador. Esses profissionais n\u00e3o apenas mant\u00eam nossa cidade limpa, mas tamb\u00e9m mostram a import\u00e2ncia da coletividade e do respeito ao pr\u00f3ximo. Parab\u00e9ns aos garis e margaridas, os verdadeiros her\u00f3is e hero\u00ednas do cuidado com a cidade!\u201d, declarou o presidente.<\/p>\n\n\n\n<p>Foto: Pl\u00e1cido Noberto<\/p>\n","protected":false},"excerpt":{"rendered":"<p>Neste 16 de maio, Dia do Gari, a Prefeitura de Aracaju, por meio da Empresa Municipal de Servi\u00e7os Urbanos (Emsurb) presta homenagem aos agentes de limpeza que, com dedica\u00e7\u00e3o e esfor\u00e7o, garantem a manuten\u00e7\u00e3o e a beleza das ruas, pra\u00e7as e praias da cidade. Por meio de suas hist\u00f3rias, esses profissionais mostram o valor e [&hellip;]<\/p>\n","protected":false},"author":2,"featured_media":7627,"comment_status":"open","ping_status":"open","sticky":false,"template":"","format":"standard","meta":{"footnotes":""},"categories":[11,6,2],"tags":[],"class_list":["post-7626","post","type-post","status-publish","format-standard","has-post-thumbnail","hentry","category-destaque","category-letreiro","category-politica"],"_links":{"self":[{"href":"https:\/\/espacolivresergipe.com.br\/index.php\/wp-json\/wp\/v2\/posts\/7626","targetHints":{"allow":["GET"]}}],"collection":[{"href":"https:\/\/espacolivresergipe.com.br\/index.php\/wp-json\/wp\/v2\/posts"}],"about":[{"href":"https:\/\/espacolivresergipe.com.br\/index.php\/wp-json\/wp\/v2\/types\/post"}],"author":[{"embeddable":true,"href":"https:\/\/espacolivresergipe.com.br\/index.php\/wp-json\/wp\/v2\/users\/2"}],"replies":[{"embeddable":true,"href":"https:\/\/espacolivresergipe.com.br\/index.php\/wp-json\/wp\/v2\/comments?post=7626"}],"version-history":[{"count":1,"href":"https:\/\/espacolivresergipe.com.br\/index.php\/wp-json\/wp\/v2\/posts\/7626\/revisions"}],"predecessor-version":[{"id":7628,"href":"https:\/\/espacolivresergipe.com.br\/index.php\/wp-json\/wp\/v2\/posts\/7626\/revisions\/7628"}],"wp:featuredmedia":[{"embeddable":true,"href":"https:\/\/espacolivresergipe.com.br\/index.php\/wp-json\/wp\/v2\/media\/7627"}],"wp:attachment":[{"href":"https:\/\/espacolivresergipe.com.br\/index.php\/wp-json\/wp\/v2\/media?parent=7626"}],"wp:term":[{"taxonomy":"category","embeddable":true,"href":"https:\/\/espacolivresergipe.com.br\/index.php\/wp-json\/wp\/v2\/categories?post=7626"},{"taxonomy":"post_tag","embeddable":true,"href":"https:\/\/espacolivresergipe.com.br\/index.php\/wp-json\/wp\/v2\/tags?post=7626"}],"curies":[{"name":"wp","href":"https:\/\/api.w.org\/{rel}","templated":true}]}}