{"id":7654,"date":"2025-05-17T11:14:52","date_gmt":"2025-05-17T14:14:52","guid":{"rendered":"https:\/\/espacolivresergipe.com.br\/?p=7654"},"modified":"2025-05-17T11:14:52","modified_gmt":"2025-05-17T14:14:52","slug":"nao-tem-indenizacao-que-pague-a-desestrutura-na-vida-de-uma-pessoa-vitima-de-assedio-afirma-procurador","status":"publish","type":"post","link":"https:\/\/espacolivresergipe.com.br\/index.php\/2025\/05\/17\/nao-tem-indenizacao-que-pague-a-desestrutura-na-vida-de-uma-pessoa-vitima-de-assedio-afirma-procurador\/","title":{"rendered":"&#8220;N\u00e3o tem indeniza\u00e7\u00e3o que pague a desestrutura na vida de uma pessoa v\u00edtima de ass\u00e9dio&#8221;, afirma procurador"},"content":{"rendered":"\n<p>Tema foi debatido durante o podcast OAB em Pauta, com o procurador Ricardo Carneiro<\/p>\n\n\n\n<p>Ass\u00e9dio moral e sexual no ambiente do trabalho foi o tema da edi\u00e7\u00e3o desta semana do podcast OAB em Pauta. O procurador do Trabalho Ricardo Carneiro foi um dos entrevistados e destacou a atua\u00e7\u00e3o do Minist\u00e9rio P\u00fablico do Trabalho em Sergipe (MPT-SE) diante dos casos e a gravidade dessas pr\u00e1ticas. &#8220;N\u00e3o tem indeniza\u00e7\u00e3o que pague a desestrutura na vida de uma pessoa que \u00e9 v\u00edtima de ass\u00e9dio. O ano de 2024 foi recordista em n\u00famero de den\u00fancias no MPT-SE. Desse total, quase 21% correspondem a casos de ass\u00e9dio moral e sexual&#8221;, explicou o procurador.<\/p>\n\n\n\n<p>O bate-papo foi conduzido pela advogada e diretora-geral da Escola Superior de Advocacia de Sergipe (ESA\/SE), Samyle Regina Matos, com a participa\u00e7\u00e3o da advogada e vice-presidente do Comit\u00ea de Combate e Enfrentamento ao Ass\u00e9dio Moral, Sexual e Discrimina\u00e7\u00e3o da Ordem dos Advogados do Brasil Seccional-Sergipe (OAB-SE), Danila Leite, al\u00e9m do advogado e presidente da Comiss\u00e3o Especial da Diversidade Sexual e de G\u00eanero da OAB-SE, Johnatan Andrade.<\/p>\n\n\n\n<p>Na entrevista, questionado sobre o cen\u00e1rio atual no combate ao ass\u00e9dio moral e sexual no trabalho, o procurador Ricardo Carneiro opinou. &#8220;N\u00e3o acho que existe, hoje, uma conscientiza\u00e7\u00e3o por parte dos empregadores, nem mesmo pelos empregados. O que eu acho que \u00e9 que as empresas j\u00e1 perceberam o risco financeiro que \u00e9 ter trabalhadores assediados, com impactos relacionados \u00e0 sa\u00fade mental. Muitos desses trabalhadores passam a receber benef\u00edcios, a empresa tem que contratar mais gente e preparar novos profissionais e muitas empresas j\u00e1 come\u00e7aram a fazer essa conta&#8221;, pontuou.<\/p>\n\n\n\n<p>A entrevista completa est\u00e1 dispon\u00edvel no YouTube da OAB-SE.<\/p>\n\n\n\n<p>Como denunciar?<\/p>\n\n\n\n<p>Casos de ass\u00e9dio moral e sexual no ambiente de trabalho podem ser denunciados ao MPT-SE atrav\u00e9s do site: prt20.mpt.mp.br. Outro canal de den\u00fancias \u00e9 o telefone (79) 3194-4600 ou, ainda, de forma presencial, na sede do \u00f3rg\u00e3o, em Aracaju (Avenida Desembargador Maynard, n. 72 \u2013 Bairro Cirurgia \u2013 Aracaju ) ou na Procuradoria do Trabalho do Munic\u00edpio de Itabaiana (Avenida Otoniel D\u00f3rea, n. 445 \u2013 Centro). O atendimento presencial acontece de segunda a sexta, das 8h \u00e0s 14h.<\/p>\n\n\n\n<p>Texto e foto Lays Millena Rocha<\/p>\n","protected":false},"excerpt":{"rendered":"<p>Tema foi debatido durante o podcast OAB em Pauta, com o procurador Ricardo Carneiro Ass\u00e9dio moral e sexual no ambiente do trabalho foi o tema da edi\u00e7\u00e3o desta semana do podcast OAB em Pauta. O procurador do Trabalho Ricardo Carneiro foi um dos entrevistados e destacou a atua\u00e7\u00e3o do Minist\u00e9rio P\u00fablico do Trabalho em Sergipe [&hellip;]<\/p>\n","protected":false},"author":2,"featured_media":7655,"comment_status":"open","ping_status":"open","sticky":false,"template":"","format":"standard","meta":{"footnotes":""},"categories":[11,6,10],"tags":[],"class_list":["post-7654","post","type-post","status-publish","format-standard","has-post-thumbnail","hentry","category-destaque","category-letreiro","category-noticias"],"_links":{"self":[{"href":"https:\/\/espacolivresergipe.com.br\/index.php\/wp-json\/wp\/v2\/posts\/7654","targetHints":{"allow":["GET"]}}],"collection":[{"href":"https:\/\/espacolivresergipe.com.br\/index.php\/wp-json\/wp\/v2\/posts"}],"about":[{"href":"https:\/\/espacolivresergipe.com.br\/index.php\/wp-json\/wp\/v2\/types\/post"}],"author":[{"embeddable":true,"href":"https:\/\/espacolivresergipe.com.br\/index.php\/wp-json\/wp\/v2\/users\/2"}],"replies":[{"embeddable":true,"href":"https:\/\/espacolivresergipe.com.br\/index.php\/wp-json\/wp\/v2\/comments?post=7654"}],"version-history":[{"count":1,"href":"https:\/\/espacolivresergipe.com.br\/index.php\/wp-json\/wp\/v2\/posts\/7654\/revisions"}],"predecessor-version":[{"id":7656,"href":"https:\/\/espacolivresergipe.com.br\/index.php\/wp-json\/wp\/v2\/posts\/7654\/revisions\/7656"}],"wp:featuredmedia":[{"embeddable":true,"href":"https:\/\/espacolivresergipe.com.br\/index.php\/wp-json\/wp\/v2\/media\/7655"}],"wp:attachment":[{"href":"https:\/\/espacolivresergipe.com.br\/index.php\/wp-json\/wp\/v2\/media?parent=7654"}],"wp:term":[{"taxonomy":"category","embeddable":true,"href":"https:\/\/espacolivresergipe.com.br\/index.php\/wp-json\/wp\/v2\/categories?post=7654"},{"taxonomy":"post_tag","embeddable":true,"href":"https:\/\/espacolivresergipe.com.br\/index.php\/wp-json\/wp\/v2\/tags?post=7654"}],"curies":[{"name":"wp","href":"https:\/\/api.w.org\/{rel}","templated":true}]}}