{"id":7758,"date":"2025-05-19T08:16:06","date_gmt":"2025-05-19T11:16:06","guid":{"rendered":"https:\/\/espacolivresergipe.com.br\/?p=7758"},"modified":"2025-05-19T08:16:08","modified_gmt":"2025-05-19T11:16:08","slug":"feira-de-livros-da-leitura-convida-o-publico-para-uma-imersao-no-universo-da-leitura","status":"publish","type":"post","link":"https:\/\/espacolivresergipe.com.br\/index.php\/2025\/05\/19\/feira-de-livros-da-leitura-convida-o-publico-para-uma-imersao-no-universo-da-leitura\/","title":{"rendered":"Feira de livros da Leitura convida o p\u00fablico para uma imers\u00e3o no universo da leitura"},"content":{"rendered":"\n<p>O evento, que acontece no RioMar Aracaju, oferece t\u00edtulos a partir de 2 reais<\/p>\n\n\n\n<p>Incentivar o h\u00e1bito da leitura desde cedo e tornar o livro acess\u00edvel para todos os p\u00fablicos \u00e9 a proposta da Feira de Livros da Livraria Leitura, que chega \u00e0 sua terceira edi\u00e7\u00e3o no RioMar Aracaju, na Pra\u00e7a de Eventos Mar.<\/p>\n\n\n\n<p>Com um acervo que ultrapassa os 1.500 exemplares, a feira contempla leitores de todas as idades e estilos. Entre os destaques, est\u00e3o romances, cl\u00e1ssicos da literatura mundial, best-sellers, obras de fic\u00e7\u00e3o, biografias, livros infantis e publica\u00e7\u00f5es interativas, voltadas para o desenvolvimento criativo e educativo das crian\u00e7as.<\/p>\n\n\n\n<p>Mais do que uma simples exposi\u00e7\u00e3o de livros, a feira proporciona ao visitante uma experi\u00eancia sensorial \u00fanica: \u00e9 poss\u00edvel folhear as obras e se deixar envolver pelas hist\u00f3rias que ganham vida a cada p\u00e1gina.<\/p>\n\n\n\n<p>Outro grande diferencial do evento \u00e9 o valor acess\u00edvel dos t\u00edtulos, com pre\u00e7os a partir de R$ 2. A proposta \u00e9 democratizar o acesso \u00e0 leitura, estimulando o consumo consciente da cultura liter\u00e1ria e refor\u00e7ando o papel transformador que os livros exercem no desenvolvimento pessoal e social.<\/p>\n\n\n\n<p>Segundo Neli Pinho, gerente da Livraria Leitura em Aracaju, o evento \u00e9 mais do que uma oportunidade de compra. &#8220;Queremos oferecer ao p\u00fablico uma viv\u00eancia completa, onde cada visitante possa se encantar com a magia que os livros proporcionam. A feira \u00e9 um convite aberto \u00e0 descoberta, \u00e0 imagina\u00e7\u00e3o e ao prazer de ler.&#8221;<\/p>\n\n\n\n<p>A Feira de Livros da Leitura funciona de segunda a s\u00e1bado, das 10h \u00e0s 22h, e aos domingos e feriados, das 14h \u00e0s 20h, at\u00e9 16 de junho. A entrada \u00e9 gratuita.<\/p>\n\n\n\n<p>Servi\u00e7o<\/p>\n\n\n\n<p>O qu\u00ea? Feira de Livros da Livraria Leitura.<\/p>\n\n\n\n<p>Quando? At\u00e9 16 de junho.<\/p>\n\n\n\n<p>Onde? Pra\u00e7a de Eventos Mar, no RioMar Aracaju \u2013 Avenida Delmiro Gouveia, 400 \u2013 Coroa do Meio.<\/p>\n\n\n\n<p>Acesso? Gratuito.<\/p>\n\n\n\n<p>Lotti+Caldas Comunica\u00e7\u00e3o \u2013 foto Jo\u00e3o Soares<\/p>\n","protected":false},"excerpt":{"rendered":"<p>O evento, que acontece no RioMar Aracaju, oferece t\u00edtulos a partir de 2 reais Incentivar o h\u00e1bito da leitura desde cedo e tornar o livro acess\u00edvel para todos os p\u00fablicos \u00e9 a proposta da Feira de Livros da Livraria Leitura, que chega \u00e0 sua terceira edi\u00e7\u00e3o no RioMar Aracaju, na Pra\u00e7a de Eventos Mar. Com [&hellip;]<\/p>\n","protected":false},"author":2,"featured_media":7759,"comment_status":"open","ping_status":"open","sticky":false,"template":"","format":"standard","meta":{"footnotes":""},"categories":[12,6,7],"tags":[],"class_list":["post-7758","post","type-post","status-publish","format-standard","has-post-thumbnail","hentry","category-agora","category-letreiro","category-sergipe"],"_links":{"self":[{"href":"https:\/\/espacolivresergipe.com.br\/index.php\/wp-json\/wp\/v2\/posts\/7758","targetHints":{"allow":["GET"]}}],"collection":[{"href":"https:\/\/espacolivresergipe.com.br\/index.php\/wp-json\/wp\/v2\/posts"}],"about":[{"href":"https:\/\/espacolivresergipe.com.br\/index.php\/wp-json\/wp\/v2\/types\/post"}],"author":[{"embeddable":true,"href":"https:\/\/espacolivresergipe.com.br\/index.php\/wp-json\/wp\/v2\/users\/2"}],"replies":[{"embeddable":true,"href":"https:\/\/espacolivresergipe.com.br\/index.php\/wp-json\/wp\/v2\/comments?post=7758"}],"version-history":[{"count":1,"href":"https:\/\/espacolivresergipe.com.br\/index.php\/wp-json\/wp\/v2\/posts\/7758\/revisions"}],"predecessor-version":[{"id":7760,"href":"https:\/\/espacolivresergipe.com.br\/index.php\/wp-json\/wp\/v2\/posts\/7758\/revisions\/7760"}],"wp:featuredmedia":[{"embeddable":true,"href":"https:\/\/espacolivresergipe.com.br\/index.php\/wp-json\/wp\/v2\/media\/7759"}],"wp:attachment":[{"href":"https:\/\/espacolivresergipe.com.br\/index.php\/wp-json\/wp\/v2\/media?parent=7758"}],"wp:term":[{"taxonomy":"category","embeddable":true,"href":"https:\/\/espacolivresergipe.com.br\/index.php\/wp-json\/wp\/v2\/categories?post=7758"},{"taxonomy":"post_tag","embeddable":true,"href":"https:\/\/espacolivresergipe.com.br\/index.php\/wp-json\/wp\/v2\/tags?post=7758"}],"curies":[{"name":"wp","href":"https:\/\/api.w.org\/{rel}","templated":true}]}}