{"id":8452,"date":"2025-05-23T14:38:59","date_gmt":"2025-05-23T17:38:59","guid":{"rendered":"https:\/\/espacolivresergipe.com.br\/?p=8452"},"modified":"2025-05-23T14:39:00","modified_gmt":"2025-05-23T17:39:00","slug":"ricardo-marques-reafirma-compromissos-da-gestao-de-emilia-agradece-apoio-politico-e-destaca-avancos-para-aracaju","status":"publish","type":"post","link":"https:\/\/espacolivresergipe.com.br\/index.php\/2025\/05\/23\/ricardo-marques-reafirma-compromissos-da-gestao-de-emilia-agradece-apoio-politico-e-destaca-avancos-para-aracaju\/","title":{"rendered":"Ricardo Marques reafirma compromissos da gest\u00e3o de Em\u00edlia, agradece apoio pol\u00edtico e destaca avan\u00e7os para Aracaju"},"content":{"rendered":"\n<p>Durante entrevista concedida nesta sexta-feira, 23 de maio, ao apresentador Narcizo Machado, na Fan FM, o vice-prefeito de Aracaju, Ricardo Marques, falou sobre os primeiros meses da gest\u00e3o da prefeita Em\u00edlia Corr\u00eaa, refor\u00e7ou compromissos com \u00e1reas essenciais como transporte, sa\u00fade, educa\u00e7\u00e3o e gera\u00e7\u00e3o de emprego, al\u00e9m de destacar a import\u00e2ncia da escuta popular e do respeito nas rela\u00e7\u00f5es pol\u00edticas.<\/p>\n\n\n\n<p>\u201cEstou nas ruas, na prefeitura, ouvindo a popula\u00e7\u00e3o, porque nosso compromisso \u00e9 fazer Aracaju avan\u00e7ar nos \u00edndices em que ficou para tr\u00e1s. Ainda vamos lidar com problemas herdados, como o baixo desempenho no IDEB, mas j\u00e1 estamos trabalhando para mudar esse cen\u00e1rio\u201d, afirmou Ricardo.<\/p>\n\n\n\n<p>Ele tamb\u00e9m destacou a entrega recente pela prefeita Em\u00edlia de 19 novos \u00f4nibus com ar-condicionado e Wi-Fi, fruto de uma luta iniciada ainda quando era vereador.<\/p>\n\n\n\n<p>Ricardo comentou ainda o cen\u00e1rio pol\u00edtico de 2026, reconhecendo o nome do ex-prefeito Valmir de Francisquinho: \u201cValmir \u00e9 uma pessoa do bem, que tem o carinho da prefeita Em\u00edlia e de todo nosso grupo. \u00c9 algu\u00e9m que fortalece nosso projeto.\u201d<\/p>\n\n\n\n<p>Ao tratar de oposi\u00e7\u00e3o, Ricardo relembrou sua trajet\u00f3ria como vereador: \u201cSempre fiz oposi\u00e7\u00e3o com respeito e responsabilidade. Fiscalizei, cobrei, mas sem ataques. H\u00e1 uma diferen\u00e7a grande entre oposi\u00e7\u00e3o firme e oposi\u00e7\u00e3o com \u00f3dio velado, como estamos vendo contra a prefeita Em\u00edlia.\u201d<\/p>\n\n\n\n<p>Na \u00e1rea da educa\u00e7\u00e3o, o vice-prefeito refor\u00e7ou o compromisso com o ensino em tempo integral e mencionou a constru\u00e7\u00e3o de duas novas creches em Aracaju \u2014 uma delas j\u00e1 prevista para funcionar nesse modelo. \u201cA prioridade \u00e9 garantir mais estrutura para m\u00e3es que trabalham e qualidade na forma\u00e7\u00e3o das nossas crian\u00e7as\u201d, destacou.<\/p>\n\n\n\n<p>Encerrando, Ricardo reafirmou que o grupo pol\u00edtico liderado por Em\u00edlia e por ele est\u00e1 unido e que, em breve, ser\u00e1 tra\u00e7ado o caminho para 2026: \u201cVamos ouvir o povo, o nosso grupo e, acima de tudo, o que Deus quer\u201d.<\/p>\n\n\n\n<p>Da assessoria<\/p>\n","protected":false},"excerpt":{"rendered":"<p>Durante entrevista concedida nesta sexta-feira, 23 de maio, ao apresentador Narcizo Machado, na Fan FM, o vice-prefeito de Aracaju, Ricardo Marques, falou sobre os primeiros meses da gest\u00e3o da prefeita Em\u00edlia Corr\u00eaa, refor\u00e7ou compromissos com \u00e1reas essenciais como transporte, sa\u00fade, educa\u00e7\u00e3o e gera\u00e7\u00e3o de emprego, al\u00e9m de destacar a import\u00e2ncia da escuta popular e do [&hellip;]<\/p>\n","protected":false},"author":2,"featured_media":8453,"comment_status":"open","ping_status":"open","sticky":false,"template":"","format":"standard","meta":{"footnotes":""},"categories":[11,6,2],"tags":[],"class_list":["post-8452","post","type-post","status-publish","format-standard","has-post-thumbnail","hentry","category-destaque","category-letreiro","category-politica"],"_links":{"self":[{"href":"https:\/\/espacolivresergipe.com.br\/index.php\/wp-json\/wp\/v2\/posts\/8452","targetHints":{"allow":["GET"]}}],"collection":[{"href":"https:\/\/espacolivresergipe.com.br\/index.php\/wp-json\/wp\/v2\/posts"}],"about":[{"href":"https:\/\/espacolivresergipe.com.br\/index.php\/wp-json\/wp\/v2\/types\/post"}],"author":[{"embeddable":true,"href":"https:\/\/espacolivresergipe.com.br\/index.php\/wp-json\/wp\/v2\/users\/2"}],"replies":[{"embeddable":true,"href":"https:\/\/espacolivresergipe.com.br\/index.php\/wp-json\/wp\/v2\/comments?post=8452"}],"version-history":[{"count":1,"href":"https:\/\/espacolivresergipe.com.br\/index.php\/wp-json\/wp\/v2\/posts\/8452\/revisions"}],"predecessor-version":[{"id":8454,"href":"https:\/\/espacolivresergipe.com.br\/index.php\/wp-json\/wp\/v2\/posts\/8452\/revisions\/8454"}],"wp:featuredmedia":[{"embeddable":true,"href":"https:\/\/espacolivresergipe.com.br\/index.php\/wp-json\/wp\/v2\/media\/8453"}],"wp:attachment":[{"href":"https:\/\/espacolivresergipe.com.br\/index.php\/wp-json\/wp\/v2\/media?parent=8452"}],"wp:term":[{"taxonomy":"category","embeddable":true,"href":"https:\/\/espacolivresergipe.com.br\/index.php\/wp-json\/wp\/v2\/categories?post=8452"},{"taxonomy":"post_tag","embeddable":true,"href":"https:\/\/espacolivresergipe.com.br\/index.php\/wp-json\/wp\/v2\/tags?post=8452"}],"curies":[{"name":"wp","href":"https:\/\/api.w.org\/{rel}","templated":true}]}}